{"id":3791,"date":"2012-08-05T21:08:09","date_gmt":"2012-08-05T19:08:09","guid":{"rendered":"http:\/\/www.historiacocina.com\/es\/?p=3791"},"modified":"2013-08-11T20:12:54","modified_gmt":"2013-08-11T18:12:54","slug":"acua-libera","status":"publish","type":"post","link":"https:\/\/www.historiacocina.com\/es\/acua-libera","title":{"rendered":"Gastroturismo en una villa romana"},"content":{"rendered":"<p style=\"text-align: justify;\"><a href=\"https:\/\/www.historiacocina.com\/es\/carlos-azcoytia\"><img decoding=\"async\" loading=\"lazy\" class=\"alignleft size-full wp-image-2919\" title=\"Carlos Azcoytia\" src=\"http:\/\/www.historiacocina.com\/es\/wp-content\/uploads\/2012\/05\/azcoytia1art.jpg\" alt=\"\" width=\"100\" height=\"133\" \/><\/a>Dentro de nuestro nuevo apartado dedicado al gastroturismo hist\u00f3rico nos vamos a detener en un lugar para descansar, volver a disfrutar de la vida y, sin demasiada tramoya, recrear el mundo romano de una forma magistral en un hotel dentro de la categor\u00eda de los denominados de turismo rural y del que guardo un magn\u00edfico recuerdo por la afabilidad de sus due\u00f1os, Santiago y Noemi (ver sus curriculum al final del presente trabajo), y de lo cuidado de su hotelito que m\u00e1s parece una devoci\u00f3n para satisfacer al caminante que un negocio.<\/p>\n<p style=\"text-align: justify;\">El establecimiento est\u00e1 situado en Aljuc\u00e9n, un pueblecito a casi 17 kms. al norte de la ciudad de M\u00e9rida (Espa\u00f1a), la gran ciudad romana famosa por su teatro donde a\u00fan hoy se siguen haciendo representaciones teatrales, constre\u00f1ido dicho pueblo entre la carretera Nacional 630 y la autov\u00eda A-66, formando parte del antiguo Camino de Santiago, m\u00e1s conocido como La Ruta de la Plata, que une Andaluc\u00eda con Galicia.<!--more--><\/p>\n<p style=\"text-align: center;\"><img decoding=\"async\" loading=\"lazy\" class=\"aligncenter size-full wp-image-3792\" title=\"Acua Libera de noche\" src=\"http:\/\/www.historiacocina.com\/es\/wp-content\/uploads\/2012\/08\/lucernalibera.jpg\" alt=\"\" width=\"800\" height=\"600\" srcset=\"https:\/\/www.historiacocina.com\/es\/wp-content\/uploads\/2012\/08\/lucernalibera.jpg 800w, https:\/\/www.historiacocina.com\/es\/wp-content\/uploads\/2012\/08\/lucernalibera-300x225.jpg 300w, https:\/\/www.historiacocina.com\/es\/wp-content\/uploads\/2012\/08\/lucernalibera-400x300.jpg 400w\" sizes=\"(max-width: 800px) 100vw, 800px\" \/><\/p>\n<p style=\"text-align: justify;\">El nombre del establecimiento es <a href=\"http:\/\/www.aqualibera.com\/\" target=\"_blank\">Acua Libera<\/a> y si presiona sobre su nombre podr\u00e1 ver mucho m\u00e1s de lo que pueda contarle porque tienen una m\u00e1s que aceptable p\u00e1gina web que fue la que me enganch\u00f3 para visitarlos en un principio.<\/p>\n<p style=\"text-align: justify;\">Hay que destacar por encima de todo su sorprendente cocina con sus elaborados y experimentados platos romanos que se degustan en la compa\u00f1\u00eda y con el asesoramiento de Santiago, que tambi\u00e9n es arque\u00f3logo, por lo que podemos estar seguros que nada de lo que podamos comer est\u00e1 inventado y s\u00ed muy investigado, al contrario de lo que ocurre en otros lugares donde ciertos cocineros hasta quieren dar clases de como se confecciona el garum sin tener ni idea de que hablan, aqu\u00ed se come como se hac\u00eda en Roma con muy peque\u00f1as variaciones en la f\u00f3rmula y s\u00f3lo con la intenci\u00f3n de adaptar, dentro de lo posible, las viandas a los gustos modernos.<\/p>\n<p><img decoding=\"async\" loading=\"lazy\" class=\"aligncenter size-full wp-image-3793\" title=\"Un almuerzo muy especial\" src=\"http:\/\/www.historiacocina.com\/es\/wp-content\/uploads\/2012\/08\/menu.jpg\" alt=\"\" width=\"600\" height=\"489\" srcset=\"https:\/\/www.historiacocina.com\/es\/wp-content\/uploads\/2012\/08\/menu.jpg 600w, https:\/\/www.historiacocina.com\/es\/wp-content\/uploads\/2012\/08\/menu-300x244.jpg 300w, https:\/\/www.historiacocina.com\/es\/wp-content\/uploads\/2012\/08\/menu-368x300.jpg 368w\" sizes=\"(max-width: 600px) 100vw, 600px\" \/><\/p>\n<p style=\"text-align: justify;\">Hay que destacar sus aceitunas aberquinas muy sabrosas y muy buen adobadas.<\/p>\n<p style=\"text-align: justify;\">Para dejar atr\u00e1s el estr\u00e9s de la gran ciudad tiene una termas peque\u00f1as pero muy \u00edntimas donde saldremos relajados, sobre todo si disfruta de un &#8216;masaje imperial&#8217; de la mano de una experta masajista, que en este lugar hasta el m\u00e1s m\u00ednimo detalle se cuida.<\/p>\n<p style=\"text-align: justify;\">Otra gran cualidad del lugar es que s\u00f3lo tiene tres habitaciones, las justas para no sentirse adocenado, porque aqu\u00ed se sentir\u00e1 dentro de una familia y sin intromisiones en su intimidad, toda una gozada que ya casi no existe.<\/p>\n<p style=\"text-align: justify;\">Y para que compruebe la profesionalidad de la oferta que mejor que conocer el curriculum de su propietarios, una pareja simp\u00e1tica y joven.<\/p>\n<p style=\"text-align: justify;\"><img decoding=\"async\" loading=\"lazy\" class=\"aligncenter size-full wp-image-3795\" title=\"Terma romana\" src=\"http:\/\/www.historiacocina.com\/es\/wp-content\/uploads\/2012\/08\/libera1.jpg\" alt=\"\" width=\"600\" height=\"325\" srcset=\"https:\/\/www.historiacocina.com\/es\/wp-content\/uploads\/2012\/08\/libera1.jpg 600w, https:\/\/www.historiacocina.com\/es\/wp-content\/uploads\/2012\/08\/libera1-300x162.jpg 300w, https:\/\/www.historiacocina.com\/es\/wp-content\/uploads\/2012\/08\/libera1-500x270.jpg 500w\" sizes=\"(max-width: 600px) 100vw, 600px\" \/><\/p>\n<p><strong>CURRICULUM VITAE<\/strong><\/p>\n<p>Apellidos\/nombre: FEIJOO MARTINEZ, SANTIAGO<\/p>\n<p>D.N.I: 05271911N<\/p>\n<p>Fecha de nacimiento: 27-4-1968<\/p>\n<p>Direcci\u00f3n: C\/ C\u00e1ceres n\u00ba 20, 06894 Aljuc\u00e9n (Badajoz).<\/p>\n<p>Telf.: \u00a0\u00a0 Fijo: 924 31 00 32<\/p>\n<p>M\u00f3vil: 677 55 52 56<\/p>\n<p>&#8212;&#8212;&#8212;&#8212;&#8212;&#8212;&#8212;&#8212;&#8212;&#8212;&#8212;&#8212;&#8212;&#8212;&#8212;&#8212;&#8212;&#8212;&#8212;&#8212;&#8211;<\/p>\n<p><strong>\u00a0\u00a0\u00a0\u00a0\u00a0\u00a0\u00a0\u00a0\u00a0\u00a0\u00a0\u00a0\u00a0\u00a0\u00a0\u00a0\u00a0\u00a0\u00a0\u00a0\u00a0\u00a0\u00a0\u00a0\u00a0\u00a0\u00a0\u00a0\u00a0\u00a0\u00a0\u00a0\u00a0\u00a0\u00a0\u00a0\u00a0\u00a0\u00a0\u00a0\u00a0\u00a0\u00a0\u00a0\u00a0\u00a0\u00a0 FORMACION ACADEMICA<\/strong><\/p>\n<p>Licenciado en Filosof\u00eda y Letras, especialidad de arqueolog\u00eda por la Universidad de Santiago de Compostela.<\/p>\n<p>&#8212;&#8212;&#8212;&#8212;&#8212;&#8212;&#8212;&#8212;&#8212;&#8212;&#8212;&#8212;&#8212;&#8212;&#8212;&#8212;&#8212;&#8212;&#8212;&#8212;&#8211;<\/p>\n<p><strong>\u00a0\u00a0\u00a0\u00a0\u00a0\u00a0\u00a0\u00a0\u00a0\u00a0\u00a0\u00a0\u00a0\u00a0\u00a0\u00a0\u00a0\u00a0\u00a0\u00a0\u00a0\u00a0\u00a0\u00a0\u00a0\u00a0\u00a0\u00a0\u00a0\u00a0\u00a0\u00a0\u00a0\u00a0\u00a0\u00a0\u00a0\u00a0\u00a0\u00a0\u00a0\u00a0\u00a0\u00a0\u00a0\u00a0\u00a0\u00a0\u00a0\u00a0\u00a0\u00a0\u00a0\u00a0\u00a0\u00a0\u00a0\u00a0\u00a0\u00a0\u00a0\u00a0\u00a0\u00a0 IDIOMAS<\/strong><\/p>\n<p><strong>\u00a0\u00a0\u00a0\u00a0\u00a0\u00a0\u00a0\u00a0\u00a0\u00a0\u00a0 INGLES<\/strong>: lectura, escritura y conversaci\u00f3n.<\/p>\n<p><strong>\u00a0\u00a0\u00a0\u00a0\u00a0\u00a0\u00a0\u00a0\u00a0\u00a0\u00a0 ITALIANO<\/strong>: lectura.<\/p>\n<p>&#8212;&#8212;&#8212;&#8212;&#8212;&#8212;&#8212;&#8212;&#8212;&#8212;&#8212;&#8212;&#8212;&#8212;&#8212;&#8212;&#8212;&#8212;&#8212;&#8212;&#8211;<\/p>\n<p><strong>\u00a0\u00a0\u00a0\u00a0\u00a0\u00a0 PARTICIPACION EN PROYECTOS DE INVESTIGACION FINANCIADOS<\/strong><\/p>\n<p>1&#8212;&#8212;&#8212;&#8212;&#8212;&#8212;&#8212;&#8212;&#8212;&#8212;&#8212;&#8212;&#8212;&#8212;&#8212;&#8212;&#8212;&#8212;&#8212;&#8212;&#8212;&#8212;&#8212;&#8212;&#8212;<\/p>\n<p>TITULO DEL PROYECTO: Proyecto Carta Arqueol\u00f3gica Subacu\u00e1tica de M\u00e1laga.<\/p>\n<p>DURACION: 1 al 15 de septiembre 1988.<\/p>\n<p>INVESTIGADOR PRINCIPAL: Dr. D. Sergio Mart\u00ednez Lillo.<\/p>\n<p>2&#8212;&#8212;&#8212;&#8212;&#8212;&#8212;&#8212;&#8212;&#8212;&#8212;&#8212;&#8212;&#8212;&#8212;&#8212;&#8212;&#8212;&#8212;&#8212;&#8212;&#8212;&#8212;&#8212;&#8212;&#8212;<\/p>\n<p>TITULO DEL PROYECTO: Investigaci\u00f3n arqueol\u00f3gica del yacimiento romano, paleocristiano, visigodo y medieval de la Iglesia de Santa Eulalia de M\u00e9rida (Badajoz).<\/p>\n<p>ENTIDAD FINANCIADORA: Junta de Extremadura.<\/p>\n<p>DURACION: Diciembre de 1990 y enero 1991<\/p>\n<p>INVESTIGADOR PRINCIPAL: Dr. D. Luis Caballero Zoreda.<\/p>\n<p>3&#8212;&#8212;&#8212;&#8212;&#8212;&#8212;&#8212;&#8212;&#8212;&#8212;&#8212;&#8212;&#8212;&#8212;&#8212;&#8212;&#8212;&#8212;&#8212;&#8212;&#8212;&#8212;&#8212;&#8212;&#8212;<\/p>\n<p>TITULO DEL PROYECTO: Poblamiento Medieval en el Valle del Ti\u00e9tar (Avila).<\/p>\n<p>ENTIDAD FINANCIADORA: Junta de Castilla y Le\u00f3n.<\/p>\n<p>DURACION: Diciembre de 1992.<\/p>\n<p>INVESTIGADOR PRINCIPAL: Dr. D. Sergio Mart\u00ednez Lillo.<\/p>\n<p>4&#8212;&#8212;&#8212;&#8212;&#8212;&#8212;&#8212;&#8212;&#8212;&#8212;&#8212;&#8212;&#8212;&#8212;&#8212;&#8212;&#8212;&#8212;&#8212;&#8212;&#8212;&#8212;&#8212;&#8212;&#8212;<\/p>\n<p>TITULO DEL PROYECTO: \u00abEstudio y documentaci\u00f3n de los materiales arqueol\u00f3gicos de Santa Mar\u00eda de Melque de 1995\u00bb.<\/p>\n<p>ENTIDAD FINANCIADORA: Excel\u00e9ntisima Diputaci\u00f3n de Toledo<\/p>\n<p>DURACION: 11 de abril al 10 de junio de 1994.<\/p>\n<p>11 de junio al 31 de agosto de 1994.<\/p>\n<p>4 de septiembre al 7 de noviembre de 1995<\/p>\n<p>8 de noviembre de 1995 a marzo de 1996.<\/p>\n<p>24 de abril a 9 de junio de 2000<\/p>\n<p>18 de septiembre al 17 de octubre de 2000<\/p>\n<p>3 de abril al 15 de junio de 2001.<\/p>\n<p>INVESTIGADOR PRINCIPAL: Dr. D. Luis Caballero Zoreda.<\/p>\n<p>5&#8212;&#8212;&#8212;&#8212;&#8212;&#8212;&#8212;&#8212;&#8212;&#8212;&#8212;&#8212;&#8212;&#8212;&#8212;&#8212;&#8212;&#8212;&#8212;&#8212;&#8212;&#8212;&#8212;&#8212;&#8212;<\/p>\n<p>TITULO DEL PROYECTO: Las Iglesias castellanas de \u00e9poca de Reconquista.<\/p>\n<p>ENTIDAD FINANCIADORA: Consejer\u00eda de Cultura y Turismo de la Junta de Castilla y Le\u00f3n.<\/p>\n<p>An\u00e1lisis estratigr\u00e1fico:<\/p>\n<p>* San Juan de Ba\u00f1os (Ba\u00f1os del Cerrato, Palencia).<\/p>\n<p>* Santa Cecilia de Barriosuso (Burgos).<\/p>\n<p>* La Asunci\u00f3n, San Vicente del Valle, (Burgos).<\/p>\n<p>Documentaci\u00f3n:<\/p>\n<p>* San Juan de Barbadillo del Mercado (Burgos).<\/p>\n<p>* San Felices de Oca, (Burgos).<\/p>\n<p>* Stas. Elena y C\u00e9ntola, Siero, (Burgos).<\/p>\n<p>* San Juan Bautista, Tolba\u00f1os de abajo (Burgos).<\/p>\n<p>* Parroquial de Vizcainos, (Burgos).<\/p>\n<p>* San Miguel de Gormaz (Soria).<\/p>\n<p>* Virgen del Val, Pedro, (Soria).<\/p>\n<p>* San Juan de Ba\u00f1os (Ba\u00f1os del Cerrato, Palencia).<\/p>\n<p>* La Asunci\u00f3n, San Vicente del Valle, (Burgos).<\/p>\n<p>DURACION DESDE: 1995\u00a0\u00a0\u00a0\u00a0 HASTA:1997<\/p>\n<p>INVESTIGADOR PRINCIPAL: Luis Caballero Zoreda.<\/p>\n<p>6&#8212;&#8212;&#8212;&#8212;&#8212;&#8212;&#8212;&#8212;&#8212;&#8212;&#8212;&#8212;&#8212;&#8212;&#8212;&#8212;&#8212;&#8212;&#8212;&#8212;&#8212;&#8212;&#8212;&#8212;&#8211;<\/p>\n<p>TITULO DEL PROYECTO: Investigaci\u00f3n arqueol\u00f3gica en San Pedro de la Nave (Zamora)<\/p>\n<p>ENTIDAD FINANCIADORA: Junta de Castilla y Le\u00f3n.<\/p>\n<p>DURACION: Julio y Agosto de 1996<\/p>\n<p>INVESTIGADOR PRINCIPAL: Luis Caballero Zoreda<\/p>\n<p>7&#8212;&#8212;&#8212;&#8212;&#8212;&#8212;&#8212;&#8212;&#8212;&#8212;&#8212;&#8212;&#8212;&#8212;&#8212;&#8212;&#8212;&#8212;&#8212;&#8212;&#8212;&#8212;&#8212;&#8212;&#8211;<\/p>\n<p>TITULO DEL PROYECTO: Excavaciones arqueol\u00f3gicas de Santa Mar\u00eda de Melque.<\/p>\n<p>ENTIDAD FINANCIADORA: Excelent\u00edsima Diputaci\u00f3n de Toledo.<\/p>\n<p>DURACION DESDE: 1995\u00a0\u00a0\u00a0 HASTA:1997<\/p>\n<p>INVESTIGADOR PRINCIPAL: Luis Caballero Zoreda<\/p>\n<p>8&#8212;&#8212;&#8212;&#8212;&#8212;&#8212;&#8212;&#8212;&#8212;&#8212;&#8212;&#8212;&#8212;&#8212;&#8212;&#8212;&#8212;&#8212;&#8212;&#8212;&#8212;&#8212;&#8212;&#8212;&#8211;<\/p>\n<p>TITULO DEL PROYECTO: Las Iglesias de repoblaci\u00f3n del Antiguo Reino de Navarra (siglo IX).<\/p>\n<p>ENTIDAD FINANCIADORA: Direcci\u00f3n General y T\u00e9cnica, dentro del programa Sectorial de Promoci\u00f3n General del Conocimiento.<\/p>\n<p>* Santa Columba en Santa Coloma (La Rioja).<\/p>\n<p>* San Rom\u00e1n de Moroso en Bostronizo (Cantabria).<\/p>\n<p>* Nuestra Se\u00f1ora de los Arcos, Tricio, (La Rioja).<\/p>\n<p>* Ventas Blancas, (La Rioja)<\/p>\n<p>DURACION DESDE: 1996\u00a0\u00a0\u00a0 HASTA: Enero de 1998<\/p>\n<p>INVESTIGADOR PRINCIPAL: Luis Caballero Zoreda.<\/p>\n<p>9&#8212;&#8212;&#8212;&#8212;&#8212;&#8212;&#8212;&#8212;&#8212;&#8212;&#8212;&#8212;&#8212;&#8212;&#8212;&#8212;&#8212;&#8212;&#8212;&#8212;&#8212;&#8212;&#8212;&#8212;&#8211;<\/p>\n<p>TITULO DEL PROYECTO: Investigaci\u00f3n arqueol\u00f3gica del claustro de la Catedral vieja de Salamanca.<\/p>\n<p>ENTIDAD FINANCIADORA: Junta de Castilla y Le\u00f3n.<\/p>\n<p>DURACION DESDE: 1995\u00a0\u00a0\u00a0 HASTA:1997<\/p>\n<p>INVESTIGADOR PRINCIPAL: Luis Caballero Zoreda<\/p>\n<p>10&#8212;&#8212;&#8212;&#8212;&#8212;&#8212;&#8212;&#8212;&#8212;&#8212;&#8212;&#8212;&#8212;&#8212;&#8212;&#8212;&#8212;&#8212;&#8212;&#8212;-<\/p>\n<p>TITULO DEL PROYECTO: La escultura en m\u00e1rmol del Foro Municipal de M\u00e9rida.<\/p>\n<p>ENTIDAD FINANCIADORA: Caja de Badajoz<\/p>\n<p>DURACION DESDE:\u00a0 HASTA:1998<\/p>\n<p>INVESTIGADOR PRINCIPAL: Trinidad Nogales Basarrate<\/p>\n<p>11&#8212;&#8212;&#8212;&#8212;&#8212;&#8212;&#8212;&#8212;&#8212;&#8212;&#8212;&#8212;&#8212;&#8212;&#8212;&#8212;&#8212;&#8212;&#8212;&#8212;-<\/p>\n<p>TITULO DEL PROYECTO: Estudio y puesta en valor de la Alcazaba de M\u00e9rida<\/p>\n<p>ENTIDAD FINANCIADORA:\u00a0 Junta de Extremadura.<\/p>\n<p>DURACION DESDE: 1999\u00a0 hasta la actualidad<\/p>\n<p>INVESTIGADOR PRINCIPAL: Miguel Alba Calzado.<\/p>\n<p>12&#8212;&#8212;&#8212;&#8212;&#8212;&#8212;&#8212;&#8212;&#8212;&#8212;&#8212;&#8212;&#8212;&#8212;&#8212;&#8212;&#8212;&#8212;&#8212;&#8212;-<\/p>\n<p>TITULO DEL PROYECTO:<strong> <\/strong>Estudio y documentaci\u00f3n de los edificios de la Alta Edad Media en M\u00e9rida y Extremadura<\/p>\n<p>ENTIDAD FINANCIADORA: Junta de Extremadura.<\/p>\n<p>DURACION DESDE: 2000\u00a0\u00a0\u00a0 HASTA:2002<\/p>\n<p>INVESTIGADOR PRINCIPAL:\u00a0 Pedro Mateos Cruz<\/p>\n<p>13&#8212;&#8212;&#8212;&#8212;&#8212;&#8212;&#8212;&#8212;&#8212;&#8212;&#8212;&#8212;&#8212;&#8212;&#8212;&#8212;&#8212;&#8212;&#8212;&#8212;-<\/p>\n<p>TITULO DEL PROYECTO: Garb Al-Andalus. Los materiales arqueol\u00f3gicos provenientes de fortificaciones y s\u00edtios isl\u00e1micos del sur de la Pen\u00ednsula Ib\u00e9rica<\/p>\n<p>ENTIDAD FINANCIADORA:\u00a0 Junta de Extremadura.<\/p>\n<p>DURACION DESDE: 1999\u00a0\u00a0\u00a0 HASTA:2000<\/p>\n<p>INVESTIGADOR PRINCIPAL: Miguel Alba Calzado.<\/p>\n<p>TITULO DEL PROYECTO: El Foro Provincial de M\u00e9rida<\/p>\n<p>ENTIDAD FINANCIADORA:\u00a0 I Plan Regional de Investigaci\u00f3n y Desarrollo Tecnol\u00f3gico de Extremadura.<\/p>\n<p>DURACION DESDE: 1-7-2001\u00a0\u00a0\u00a0 HASTA:31-08-2001<\/p>\n<p>INVESTIGADOR PRINCIPAL:\u00a0 Pedro Mateos Cruz<strong>\u00a0<\/strong><\/p>\n<p><strong>\u00a0\u00a0\u00a0\u00a0\u00a0\u00a0\u00a0\u00a0\u00a0\u00a0\u00a0\u00a0\u00a0\u00a0\u00a0\u00a0\u00a0\u00a0\u00a0\u00a0\u00a0\u00a0\u00a0\u00a0\u00a0\u00a0\u00a0\u00a0\u00a0\u00a0\u00a0\u00a0\u00a0\u00a0\u00a0\u00a0\u00a0\u00a0\u00a0\u00a0\u00a0\u00a0\u00a0\u00a0\u00a0\u00a0\u00a0\u00a0\u00a0\u00a0\u00a0\u00a0\u00a0 COMUNICACIONES<\/strong><strong>\u00a0<\/strong><\/p>\n<p>1- \u201cProblemas para la interpretaci\u00f3n de estructuras en la excavaci\u00f3n arqueol\u00f3gica de Santa Eulalia de M\u00e9rida\u201d. Jornada de estudio:Primera Semana Cient\u00edfica del Departamento de Historia Antigua y Arqueolog\u00eda del Centro de Estudios Hist\u00f3ricos del Consejo Superior de Investigaciones Cient\u00edficas. Madrid. 1991.<\/p>\n<p>2- Profesor en las pr\u00e1cticas sobre lectura de paramentos<em>. Curso: IV Master de Intervenci\u00f3n y Restauraci\u00f3n Arquitect\u00f3nicas. Centro Superior de Arquitectura. Fundaci\u00f3n Antonio Camu\u00f1as<\/em>. 1994.<\/p>\n<p>3<strong>&#8211; <\/strong>\u201cExperiencias de la aplicaci\u00f3n de la lectura de paramentos en Santa Eulalia de M\u00e9rida, la Torre de H\u00e9rcules, San Pedro El Viejo de Arlanza y parroquial de Lal\u00edn\u201d, en <em>Curso de arqueolog\u00eda de la arquitectura. El m\u00e9todo arqueol\u00f3gico aplicado al proceso de estudio y de intervenci\u00f3n en edificios hist\u00f3ricos<\/em>. Burgos 1996<\/p>\n<p>4- En el mismo, particip\u00f3 como profesor en las pr\u00e1cticas de lectura de paramentos en San Pedro de Arlanza (Burgos, 1996).<\/p>\n<p>5- \u201cLa fotogrametr\u00eda y su aplicaci\u00f3n en la arqueolog\u00eda de Campo. Sta M\u00aa de Melque en Toledo\u201d <em>Curso impartido en el Consorcio de La ciudad Monumental de M\u00e9rida<\/em><\/p>\n<p>6- \u201cLa cer\u00e1mica medieval y post medieval en la Meseta. Estado de la cuesti\u00f3n\u201d en <em>IV Jornadas de cer\u00e1mica Medieval e Pos-Medieval: metodos e resultados para o seu estudo. <\/em>Tondela 24 a 27 de Octubre de 2000.<\/p>\n<p>7- \u201cLa cer\u00e1mica Emiral de M\u00e9rida\u201d en <em>GARB. Sitios Isl\u00e1micos del Sur Peninsular<\/em>. Museo Arqueol\u00f3gico de C\u00e1ceres. 17 de septiembre de 2001<\/p>\n<p>8- \u201cLa cer\u00e1mica Emiral de M\u00e9rida\u201d en <em>GARB. s\u00edtios Isl\u00e2micos do Sul Peninsular<\/em>. Museu Nacional de Arqieologia (Lisboa, Portugal) el 6 de noviembre de 2001<\/p>\n<p>9- \u201cPautas evolutivas de la cer\u00e1mica en emerita entre los siglos VII al IX\u201d en el <em>II Simposio de Arqueolog\u00eda: Cer\u00e1mica Tardorromana y Altomedieval en la Pen\u00ednsula Ib\u00e9rica. Ruptura y continuidad<\/em>. el d\u00eda 9 de noviembre de 2001<\/p>\n<p>10- \u201cArqueolog\u00eda de la Arquitectura\u201d VI VII y VIII <em>Cursos de Verano <\/em>del Consorcio de M\u00e9rida (a\u00f1os 2002, 2003 y 2004)<\/p>\n<p>11- \u201cLas etapas de obra: ensayo de sistematizaci\u00f3n\u201d IV Congreso de Arqueolog\u00eda Peninsular (2004)<\/p>\n<p align=\"center\"><strong>PONENCIAS<\/strong><\/p>\n<p>\u00a0\u00a0\u00a0\u00a0\u00a0\u00a0\u00a0\u00a0\u00a0\u00a0\u00a0 1- \u201c<em>Aspectos sobre las obras p\u00fablicas romanas de Emerita Augusta.\u201d. I CONGRESO SOBRE LAS OBRAS P\u00daBLICAS ROMANAS EN HISPANIA. M\u00c9RIDA. 2002<\/em><\/p>\n<p><em>\u00a0\u00a0\u00a0\u00a0\u00a0\u00a0\u00a0\u00a0\u00a0\u00a0\u00a0 <\/em>2<em>&#8211; \u201cPautas evolutivas de la cer\u00e1mica com\u00fan de M\u00e9rida en \u00e9pocas visigoda y emiral\u201d <\/em>con<em> <\/em>Miguel Alba. En el Congreso <em>Cer\u00e1micas tardorromanas y altomedievales en la Pen\u00ednsula Ib\u00e9rica : ruptura y continuidad. M\u00e9rida 2004<\/em><\/p>\n<p><em>\u00a0\u00a0\u00a0\u00a0\u00a0\u00a0\u00a0\u00a0\u00a0\u00a0\u00a0 <\/em>3<em>&#8211; \u201cLas presas y los acueductos de agua potable, una asociaci\u00f3n incompatible en la Antig\u00fcedad: el abastecimiento en Augusta Emerita.\u201d. COLOQUIO INTERNACIONAL \u00abAUGUSTA EMERITA: TERRITORIOS, ESPACIOS, IM\u00c1GENES Y GENTES EN LUSITANIA ROMANA\u00bb. M\u00c9RIDA, 2004<\/em><\/p>\n<p><em>\u00a0\u00a0\u00a0\u00a0\u00a0\u00a0\u00a0\u00a0\u00a0\u00a0\u00a0 <\/em>4<em>&#8211; \u201cDefensas urbanas de la M\u00e9rida isl\u00e1mica.\u201d. Semin\u00e1rio internacional \u00abal-\u00e2ndalus espa\u00e7o de mudanza. . M\u00e9rtola, 2005<\/em><\/p>\n<p><em>\u00a0\u00a0\u00a0\u00a0\u00a0\u00a0\u00a0\u00a0\u00a0\u00a0\u00a0 <\/em>5<em>&#8211; \u201cLas presas y el agua potable en \u00e9poca romana: dudas y certezas\u201d <\/em>III congreso de Obras P\u00fablicas romanas. Astorga. 2006<\/p>\n<p>6-\u201c<em>Usos del agua en Augusta Emerita<\/em>\u201d curso Aquae antiquae, el agua en Roma en el MNAR, julio 2010<\/p>\n<p>7-<em>\u201cArqueolog\u00eda: huellas de los conflictos.\u201d<\/em> en el curso <em>Violencia en la historia: huellas, actualidad, perspectivas de la UNED de C\u00e1ceres. Julio de 2011<\/em><\/p>\n<p><em>\u00a0\u00a0\u00a0\u00a0\u00a0\u00a0\u00a0\u00a0\u00a0\u00a0\u00a0 8-\u201cObras hidr\u00e1ulicas emeritenses\u201d <\/em>en el curso:<em> El valor de la obra p\u00fablica: la Antig\u00fcedad y su proyecci\u00f3n <\/em>del\u00a0 Museo Nacional de Arte Romano, julio de 2011<\/p>\n<p>9- \u201cL<em>os embalses y el agua potable<\/em>\u201d y \u201cE<em>jemplos de presas romanas<\/em>\u201d en el curso de verano sobre Ingenier\u00eda Hidr\u00e1ulica de la Universidad Polit\u00e9cnica de Cartagena (Unidad Predepartamental de Ingenier\u00eda Civil) . Cartagena julio 2011<\/p>\n<p>10- \u201cLa vida dom\u00e9stica\u201d en el ciclo de conferencias Vivir en una colonia romana -1-. Museo Nacional de Arte Romano, 23 de febrero de 2012<strong>\u00a0<\/strong><\/p>\n<h2>PUBLICACIONES<strong>\u00a0<\/strong><\/h2>\n<p>1-\u201cAn\u00e1lisis de elementos constructivos en Santa Eulalia de M\u00e9rida\u201d en <em>Informes de la construcci\u00f3n<\/em>. 1995, 435, 51-52.<\/p>\n<p>2-\u201cLa iglesia prerrom\u00e1nica de San Mart\u00edn de Prado en Lal\u00edn, Pontevedra\u201d en <em>Informes de la construcci\u00f3n<\/em>. 1995, 435, 91-100.<\/p>\n<p>3- \u201cExperiencias de la aplicaci\u00f3n del an\u00e1lisis estratigr\u00e1fico en los edificios de Santa Eulalia de M\u00e9rida, la Torre de H\u00e9rcules, San Pedro El Viejo de Arlanza y parroquial de Lal\u00edn\u201d.\u00a0 Arqueolog\u00eda de la Arquitectura. Actas. Burgos 1996. pag. 141-151<\/p>\n<p>4-\u201cFotogrametr\u00eda y an\u00e1lisis arqueol\u00f3gico\u201d en <em>Revista de Arqueolog\u00eda<\/em>. N\u00ba186 Octubre 1996.<\/p>\n<p>5-\u201cLa iglesia altomedieval de San Juan Bautista en Ba\u00f1os de Cerrato (Palencia)\u201d, <em>Archivo Espa\u00f1ol de Arqueolog\u00eda<\/em>. N\u00ba 177-178, 1998. pp 181 a 244.<\/p>\n<p>6-\u201cAspectos constructivos del Puente Romano de M\u00e9rida\u201d<em>. Memoria 3. Excavaciones Arqueol\u00f3gicas en M\u00e9rida. 1997. <\/em>pp 321-338<\/p>\n<p>7-\u201cIntervenci\u00f3n arqueol\u00f3gica en la zanja para canalizaci\u00f3n de aguas de la c\/ Nerja\u201d<em>. Memoria 4. Excavaciones Arqueol\u00f3gicas en M\u00e9rida 1998. <\/em>pp 333-357<\/p>\n<p>8-\u201cGeneraci\u00f3n y transformaci\u00f3n del espacio urbano romano de <em>Augusta Emerita<\/em> al exterior de la muralla\u201d<em>. <\/em><em>Memoria 4. Excavaciones arqueol\u00f3gicas en M\u00e9rida. <\/em>pp. 571-581.<\/p>\n<p>9- Poster \u201cLa cer\u00e1mica Emiral de M\u00e9rida (s. IX)\u201d. IV <em>Jornadas de cer\u00e1mica Medieval e Pos-Medieval: metodos e resultados para o seu estudo. <\/em>Tondela 24 a 27 de Octubre de 2000.<\/p>\n<p>10-\u201cEl aljibe de la Alcazaba de M\u00e9rida. 1\u00aa campa\u00f1a de intervenci\u00f3n arqueol\u00f3gica en la zona Norte y Oeste del aljibe\u201d Memoria 5<em>. Excavaciones Arqueol\u00f3gicas en M\u00e9rida 1999. <\/em>\u00a0pp 191-211.<\/p>\n<p>11- \u201cCer\u00e1mica\u00a0 Emiral de M\u00e9rida\u201d.\u00a0 <em>GARB. Sitios Isl\u00e1micos del Sur Peninsular. <\/em>pp 329-375.<\/p>\n<p><em>\u00a0\u00a0\u00a0\u00a0\u00a0\u00a0\u00a0\u00a0\u00a0\u00a0\u00a0 12-\u00a0 \u201cEstado de la cuesti\u00f3n de los estudios de cer\u00e1mica\u00a0 medieval y moderna en Extremadura\u201d Tondela. <\/em><\/p>\n<p><strong>\u00a0\u00a0\u00a0\u00a0\u00a0\u00a0\u00a0\u00a0\u00a0\u00a0\u00a0 <\/strong>13<strong>&#8211; \u201c<\/strong><em>Restos de una casa Isl\u00e1mica (S X-XI) en la zona oeste de Emerita Augusta<\/em>\u201d. M\u00e9rida, excavaciones arqueol\u00f3gicas, ISSN 1577-2853, N\u00ba. 6, 2000, pags. 203-215<\/p>\n<p>14- \u201cEl Puente romano de M\u00e9rida\u201d Revista AQUA n\u00ba 2 .<\/p>\n<p>15- \u201cEl agua en <em>Augusta Emerita<\/em>\u201d en colaboraci\u00f3n con P. Mateos, T. Barrientos y R. Ayerb\u00e9. Empuries, N\u00ba 53, 2002.<\/p>\n<p>16- \u201c<em>Aspectos sobre las obras p\u00fablicas romanas de Emerita Augusta.\u201d. I CONGRESO SOBRE LAS OBRAS P\u00daBLICAS ROMANAS EN HISPANIA. M\u00c9RIDA, 2002. pp 11-22.<\/em><\/p>\n<p><em>\u00a0\u00a0\u00a0\u00a0\u00a0\u00a0\u00a0\u00a0\u00a0\u00a0\u00a0 17- \u201cEl sentido de la Alcazaba emiral de M\u00e9rida: su aljibe, mezquita y torre de se\u00f1ales\u201d <\/em>con Miguel A. Alba Calzado. M\u00e9rida, excavaciones arqueol\u00f3gicas<em>, ISSN 1577-2853, N\u00ba. 8, 2002, pags. 565-586.<\/em><\/p>\n<p><em>\u00a0\u00a0\u00a0\u00a0\u00a0\u00a0\u00a0\u00a0\u00a0\u00a0\u00a0 18- \u201cIglesia de Los Santiagos, Alburquerque.\u201d <\/em>Con Miguel Alba. En ANEJOS DE ARCHIVO ESPA\u00d1OL DE ARQUEOLOG\u00cdA. Repertorio de Arquitectura Cristiana en Extremadura: \u00c9poca Tardoantigua y Altomedieval. 2003<\/p>\n<p><em>\u00a0\u00a0\u00a0\u00a0\u00a0\u00a0\u00a0\u00a0\u00a0\u00a0\u00a0 19- \u201cIglesia de San Blas, Casar de C\u00e1ceres.\u201d. <\/em>Con Miguel Alba. En ANEJOS DE ARCHIVO ESPA\u00d1OL DE ARQUEOLOG\u00cdA. Repertorio de Arquitectura Cristiana en Extremadura: \u00c9poca Tardoantigua y Altomedieval. 2003<\/p>\n<p><em>\u00a0\u00a0\u00a0\u00a0\u00a0\u00a0\u00a0\u00a0\u00a0\u00a0\u00a0 20- Iglesia de San Benito, San Vicente de Alc\u00e1ntara.<\/em> Con Miguel Alba. En ANEJOS DE ARCHIVO ESPA\u00d1OL DE ARQUEOLOG\u00cdA. Repertorio de Arquitectura Cristiana en Extremadura: \u00c9poca Tardoantigua y Altomedieval. 2003<\/p>\n<p><em>\u00a0\u00a0\u00a0\u00a0\u00a0\u00a0\u00a0\u00a0\u00a0\u00a0\u00a0 21- \u201cPautas evolutivas de la cer\u00e1mica com\u00fan de M\u00e9rida en \u00e9pocas visigoda y emiral\u201d <\/em>con<em> <\/em>Miguel Alba. En <em>Cer\u00e1micas tardorromanas y altomedievales en la Pen\u00ednsula Ib\u00e9rica : ruptura y continuidad : (II Simposio de Arqueolog\u00eda, Merida 2001) \/ coord. por Luis Caballero Zoreda, Pedro Mateos Cruz, Manuel Retuerce Velasco, 2004, ISBN 84-00-08202-8, pags. 483-504.<\/em><\/p>\n<p>22- <em>\u201cLas presas y los acueductos de agua potable, una asociaci\u00f3n incompatible en la Antig\u00fcedad: el abastecimiento en Augusta Emerita.\u201d. COLOQUIO INTERNACIONAL \u00abAUGUSTA EMERITA: TERRITORIOS, ESPACIOS, IM\u00c1GENES Y GENTES EN LUSITANIA ROMANA\u00bb. M\u00c9RIDA, 2004. Monograf\u00edas Emeritenses, pp 171-205<\/em><\/p>\n<p><em>\u00a0\u00a0\u00a0\u00a0\u00a0\u00a0\u00a0\u00a0\u00a0\u00a0\u00a0 23- \u201cDefensas urbanas de la M\u00e9rida isl\u00e1mica.\u201d. Semin\u00e1rio internacional \u00abal-\u00e2ndalus espa\u00e7o de mudan\u00e7a. Balan\u00e7o de 25 anos de hist\u00f3ria e arqueologia medievais\u00bb. Homenagem a Juan Zozaya Stabel-Hansen. M\u00e9rtola, 2005. pp 101-110.<\/em><\/p>\n<p><em>\u00a0\u00a0\u00a0\u00a0\u00a0\u00a0\u00a0\u00a0\u00a0\u00a0\u00a0 24- \u201cNueva lectura arqueol\u00f3gica del Aljibe y la Alcazaba de M\u00e9rida.\u201d. Semin\u00e1rio Internacional \u00abal-\u00e2ndalus espa\u00e7o de mudan\u00e7a. Balan\u00e7o de 25 anos de hist\u00f3ria e arqueologia medievais\u00bb. Homenagem Juan Zozaya Stabel-Hansen. M\u00e9rtola, 2005. 161-170<\/em><\/p>\n<p><em>\u00a0\u00a0\u00a0\u00a0\u00a0\u00a0\u00a0\u00a0\u00a0\u00a0\u00a0 25- \u201cLas presas y el agua potable en \u00e9poca romana: dudas y certezas\u201d<\/em><\/p>\n<p>Nuevos elementos de ingenier\u00eda romana : III Congreso de las Obras P\u00fablicas Romanas<em> \/ coord. por Isaac Moreno Gallo, 2006, ISBN 84-9718-132-8, pags. 145-166.<\/em><\/p>\n<p><em>\u00a0\u00a0\u00a0\u00a0\u00a0\u00a0\u00a0\u00a0\u00a0\u00a0\u00a0 26- \u201cM\u00e9rida isl\u00e1mica (s. VIII-IX): El proceso de transformaci\u00f3n de una ciudad tardoantigua en una medina\u201d<\/em> junto con M. Alba y B. Franco en Actas do 6\u00ba Encontro de Arqueolog\u00eda do Algarve. 2009, pp191-228<\/p>\n<h1>DIRECCI\u00d3N DE EXCAVACIONES:<\/h1>\n<p>1- <strong>Santa Eulalia de M\u00e9rida (Badajoz)<\/strong>.<\/p>\n<p><em>Directores<\/em>: Pedro Mateos, Santiago Feijoo y Margarita Fern\u00e1ndez<\/p>\n<p><em>Campa\u00f1a<\/em>:- 29 de marzo al 13 de mayo de 1993.<\/p>\n<p>2<strong>&#8211; San Facundo de Ribas do Mi\u00f1o (Paradela, Lugo).<\/strong><\/p>\n<p><em>Directores<\/em>: Santiago Feijoo, Miguel A. Hervas y V\u00edctor Rua.<\/p>\n<p><em>Campa\u00f1a<\/em>: Enero, septiembre y octubre de 1997. Lectura de Paramentos.<\/p>\n<p>3<strong>&#8211;\u00a0 Iglesia de la Natividad de Valdetorres del Jarama (Madrid).<\/strong><\/p>\n<p><em>Directores<\/em>: Santiago Feijoo y Fernando Arce<\/p>\n<p><em>Campa\u00f1a<\/em>: Diciembre de 1997. Lectura de paramentos.<\/p>\n<p>4<strong>&#8211; Excavaci\u00f3n en la zanja para canalizaci\u00f3n de aguas en la calle Nerja (M\u00e9rida).<\/strong><\/p>\n<p><em>Director<\/em>: Santiago Feijoo Mart\u00ednez.<\/p>\n<p><em>Campa\u00f1a<\/em>:- del 20 de mayo al 31 de julio de 1998.<\/p>\n<p><strong>5- Aljibe de la Alcazaba de M\u00e9rida<\/strong><\/p>\n<p><em>Director<\/em>: Santiago Feijoo Mart\u00ednez.<\/p>\n<p><em>Campa\u00f1a<\/em>:- 2 de septiembre al 28 de octubre de 1999.<\/p>\n<p>6<strong>&#8211; c\/Arquitas esquina c\/ Morer\u00eda de M\u00e9rida\u00a0\u00a0\u00a0\u00a0\u00a0\u00a0\u00a0\u00a0\u00a0\u00a0\u00a0\u00a0\u00a0\u00a0 <\/strong><\/p>\n<p><em>Director<\/em>: Santiago Feijoo Mart\u00ednez.<\/p>\n<p><em>Campa\u00f1a<\/em>:- del 1 de marzo al 19 de abril de 2000.<\/p>\n<p>7<strong>&#8211; Iglesia de San Juli\u00e1n de Ventosa (Lugo)<\/strong><\/p>\n<p><em>Director<\/em>: Santiago Feijoo Mart\u00ednez.<\/p>\n<p><em>Campa\u00f1a<\/em>:- del 20 de mayo al 31 de julio de 1998.<\/p>\n<p>8- <strong>Prospecci\u00f3n en Santa Luc\u00eda del Trampal (Alcuescar, C\u00e1ceres)<\/strong><\/p>\n<p><em>Director<\/em>: Santiago Feijoo Mart\u00ednez.<\/p>\n<p><em>Campa\u00f1a<\/em>:- del 22 al 29 de octubre 2001.<\/p>\n<p>9<strong>&#8211; Solar de la c\/ Castelar esquina c\/ del del Puente<\/strong><\/p>\n<p><em>Director<\/em>: Santiago Feijoo Mart\u00ednez<\/p>\n<p><em>Empresa<\/em>: Consorcio de la Ciudad Monumental de M\u00e9rida<\/p>\n<p><em>Campa\u00f1a<\/em>:- 7de septiembre al d\u00eda de hoy de 2001.<\/p>\n<p><strong>10- Francisco Almaraz- 4000<\/strong><\/p>\n<p><strong>11- Traves\u00eda de Pizarro- 4001<\/strong><\/p>\n<p><strong>12- Cnto. Sto. Domingo- 4002<\/strong><\/p>\n<p><strong>13- Alcazaba- 4004<\/strong><\/p>\n<p><strong>14- Iurbentia- 4005<\/strong><\/p>\n<p><strong>15- Constantino 42- 4007<\/strong><\/p>\n<p><strong>16- Espronceda 25- 4008<\/strong><\/p>\n<p><strong>17- Bustamante 4- 4009<\/strong><\/p>\n<p><strong>18- Calle toledo 64- 4011<\/strong><\/p>\n<p><strong>19- c\/ Cu\u00e1rez Somonte 60- 4012<\/strong><\/p>\n<h1>TRABAJOS DE ARQUEOLOGIA CONTRATADO<\/h1>\n<p>1- <strong>Sta. Mar\u00eda de Melque (Toledo)<\/strong>.<\/p>\n<p><em>Director<\/em>: Dr. D. Luis Caballero Zoreda.<\/p>\n<p><em>Campa\u00f1a<\/em>: 11 de abril al 10 de junio de 1994.<\/p>\n<p>2- <strong>Realizaci\u00f3n de la memoria de campa\u00f1a y<\/strong> t<strong>oma de datos, restituci\u00f3n fotogram\u00e9trica digital y dibujo de materiales de la zona sur del yacimiento de<\/strong> <strong>Sta. Mar\u00eda de Melque (Toledo)<\/strong>.<\/p>\n<p><em>Director<\/em>: Luis Caballero Zoreda.<\/p>\n<p><em>Campa\u00f1a<\/em>: 11 de junio al 31 de agosto de 1994.<\/p>\n<p>3- <strong>Sta. Mar\u00eda de Melque (Toledo)<\/strong>.<\/p>\n<p><em>Director<\/em>: Dr. D. Luis Caballero Zoreda.<\/p>\n<p><em>Campa\u00f1a<\/em>:- 4 de septiembre al 7 de noviembre de 1995.<\/p>\n<p><strong>4- Realizaci\u00f3n de la memoria de campa\u00f1a de las zonas norte y sur y restituci\u00f3n fotogram\u00e9trica digital, dibujo de materiales del yacimiento de Sta. Mar\u00eda de Melque (Toledo)<\/strong>.<\/p>\n<p><em>Director<\/em>: Luis Caballero Zoreda.<\/p>\n<p><em>Campa\u00f1a<\/em>: 8 de noviembre de 1995 a marzo de 1996.<\/p>\n<p>5- <strong>Sta. Mar\u00eda de Melque (Toledo)<\/strong>.<\/p>\n<p><em>Director<\/em>: Dr. D. Luis Caballero Zoreda.<\/p>\n<p><em>Campa\u00f1a<\/em>: 24 de abril a 9 de junio de 2000<\/p>\n<p>6- <strong>Sta. Mar\u00eda de Melque (Toledo)<\/strong>.<\/p>\n<p><em>Director<\/em>: Dr. D. Luis Caballero Zoreda.<\/p>\n<p><em>Campa\u00f1a<\/em>: 18 de septiembre al 17 de octubre de 2000<\/p>\n<p>7- <strong>Sta. Mar\u00eda de Melque (Toledo)<\/strong>.<\/p>\n<p><em>Director<\/em>: Dr. D. Luis Caballero Zoreda.<\/p>\n<p><em>Campa\u00f1a<\/em>:- 3 de abril al 15 de junio de 2001.<\/p>\n<p>8- Proyecto \u201cLas Iglesias castellanas de \u00e9poca de Reconquista.\u201d<\/p>\n<p><em>Director: <\/em>Dr. D. Luis Caballero Zoreda.<\/p>\n<p><em>Campa\u00f1a<\/em>: desde 1 de mayo al 31 de diciembre de 1997.<\/p>\n<p>9- <strong>San Pedro de la Nave (Zamora)<\/strong>.<\/p>\n<p><em>Director<\/em>: Luis Caballero Zoreda.<\/p>\n<p><em>Campa\u00f1a<\/em>: Julio y agosto de 1996. Lectura de paramentos.<\/p>\n<p><strong>10- Catedral vieja de Salamanca.<\/strong><\/p>\n<p><em>Directores<\/em>: Luis Caballero Zoreda.<\/p>\n<p><em>Campa\u00f1a<\/em>: Octubre de 1997. Cata en el claustro.<\/p>\n<p><strong>11- Area arqueol\u00f3gica de Moreria (M\u00e9rida).<\/strong><\/p>\n<p><em>Director<\/em>: Miguel Alba Calzado.<\/p>\n<p><em>Campa\u00f1a<\/em>:- del 2 de marzo al 1 de agosto de 1998. labores de documentaci\u00f3n en el yacimiento arqueol\u00f3gico de Morer\u00eda (M\u00e9rida)<\/p>\n<p><strong>12- Excavaci\u00f3n en la zanja para canalizaci\u00f3n de aguas en la calle Nerja (M\u00e9rida).<\/strong><\/p>\n<p><em>Director<\/em>: Santiago Feijoo Mart\u00ednez.<\/p>\n<p><em>Campa\u00f1a<\/em>:- del 20 de mayo al 31 de julio de 1998. Y realizaci\u00f3n de la memoria en Agosto de 1998.<\/p>\n<p><strong>13- Area arqueol\u00f3gica de Moreria (M\u00e9rida).<\/strong><\/p>\n<p><em>Director<\/em>: Miguel Alba Calzado.<\/p>\n<p><em>Campa\u00f1a<\/em>:- del 3 de agosto al 4 de diciembre de 1998.<\/p>\n<p><strong>14- Escultura del Foro Municipal de M\u00e9rida<\/strong><\/p>\n<p><em>Directora<\/em>: Trinidad Nogales Basarrate<\/p>\n<p><em>Campa\u00f1a<\/em>: Enero de 1999<\/p>\n<p><strong>15- Proyecto de actuaci\u00f3n arqueol\u00f3gica en Galisteo (C\u00e1ceres)<\/strong><\/p>\n<p><em>Empresa<\/em>: Jorge Candela Maestu<\/p>\n<p><em>Campa\u00f1a<\/em>: Marzo de 1999<\/p>\n<p><strong>16- Sta. Mar\u00eda de la Encina en Burguillos del Cerro (Badajoz)<\/strong><\/p>\n<p><strong>\u00a0\u00a0\u00a0\u00a0\u00a0\u00a0\u00a0\u00a0\u00a0\u00a0\u00a0 <\/strong><em>Director<\/em>: Arqveochec<\/p>\n<p><em>Campa\u00f1a<\/em>: del 2 al 21 de julio de 1999.<\/p>\n<p><strong>17- Aljibe de la Alcazaba de M\u00e9rida<\/strong><\/p>\n<p><em>Director<\/em>: Santiago Feijoo Mart\u00ednez.<\/p>\n<p><em>Campa\u00f1a<\/em>:- 2 de septiembre al 28 de octubre de 1999.<\/p>\n<p><strong>18- San Diego en Fuente de Cantos (Badajoz)<\/strong><\/p>\n<p><em>Director<\/em>: Arqveochec.<\/p>\n<p><em>Campa\u00f1a<\/em>: Enero de 2000<\/p>\n<p><strong>19- Sta. Mar\u00eda de la Encina en Burguillos del Cerro (Badajoz)<\/strong><\/p>\n<p><strong>\u00a0\u00a0\u00a0\u00a0\u00a0\u00a0\u00a0\u00a0\u00a0\u00a0\u00a0 <\/strong><em>Director<\/em>: Arqveochec<\/p>\n<p><em>Campa\u00f1a<\/em>: del 2 al 7 de marzo de 2000.<\/p>\n<p><strong>20- Castillo de Montemol\u00edn (Badajoz)<\/strong><\/p>\n<p><strong>\u00a0\u00a0\u00a0\u00a0\u00a0\u00a0\u00a0\u00a0\u00a0\u00a0\u00a0 <\/strong><em>Director<\/em>: Arqveochec<\/p>\n<p><em>Campa\u00f1a<\/em>: del 23 al 28 de marzo de 2000.<\/p>\n<p><strong>21- c\/Arquitas esquina c\/ Morer\u00eda de M\u00e9rida\u00a0\u00a0\u00a0\u00a0\u00a0\u00a0\u00a0\u00a0\u00a0\u00a0\u00a0\u00a0 <\/strong><\/p>\n<p><em>Director<\/em>: Santiago Feijoo Mart\u00ednez.<\/p>\n<p><em>Campa\u00f1a<\/em>:- del 13 de marzo al 19 de abril de 2000.<\/p>\n<p><strong>22- Santiago de Medell\u00edn (Badajoz)<\/strong><\/p>\n<p><em>Director<\/em>: Arqveochec<\/p>\n<p><em>Campa\u00f1a<\/em>: Junio de 2000<\/p>\n<p><strong>23- Estudio y documentaci\u00f3n de los edificios de la Alta Edad Media en M\u00e9rida y Extremadura<\/strong><\/p>\n<p><em>Director<\/em>: Dr. D. Pedro Mateos Cruz.<\/p>\n<p><em>Campa\u00f1a<\/em>:- 26 de junio al 15 de septiembre de 2000.<\/p>\n<p><strong>24- Estudio y documentaci\u00f3n de los edificios de la Alta Edad Media en M\u00e9rida y Extremadura<\/strong><\/p>\n<p><em>Director<\/em>: Dr. D. Pedro Mateos Cruz.<\/p>\n<p><em>Empresa<\/em>: Consorcio de la Ciudad Monumental de M\u00e9rida<\/p>\n<p><em>Campa\u00f1a<\/em>:- 2 de noviembre de 2000 al 8 de abril de 2001.<\/p>\n<p><strong>25- Acueducto de Los Milagros (M\u00e9rida)<\/strong><\/p>\n<p><em>Director<\/em>: Arqveochec.<\/p>\n<p><em>Campa\u00f1a<\/em>:- desde el 18 junio de 2001al 31 de Julio del 2001.<\/p>\n<p><strong>26- Estudio y documentaci\u00f3n de los edificios de la Alta Edad Media en M\u00e9rida y Extremadura<\/strong><\/p>\n<p><em>Director<\/em>: Dr. D. Pedro Mateos Cruz.<\/p>\n<p><em>Campa\u00f1a<\/em>:- 2 de julio al 15 de agosto de 2001.<\/p>\n<p>27- <strong>El Foro Provincial de Augusta Em\u00e9rita<\/strong><\/p>\n<p><em>Director<\/em>: Dr. D. Pedro Mateos Cruz.<\/p>\n<p><em>Campa\u00f1a<\/em>:- 1 de julio al 31 de agosto de 2001.<\/p>\n<p><strong>28- Estudio y documentaci\u00f3n de los edificios de la Alta Edad Media en M\u00e9rida y Extremadura<\/strong><\/p>\n<p><em>Director<\/em>: Dr. D. Pedro Mateos Cruz.<\/p>\n<p><em>Empresa<\/em>: Consorcio de la Ciudad Monumental de M\u00e9rida<\/p>\n<p><em>Campa\u00f1a<\/em>:- 7de septiembre al 6 de diciembre del 2001.<\/p>\n<p>FORMACI\u00d3N RECIBIDA<\/p>\n<p>Colaboraci\u00f3n en excavaciones:<\/p>\n<p>1- <strong>Iglesia de San Hip\u00f3lito de T\u00e1mara (Palencia)<\/strong>.<\/p>\n<p><em>Director<\/em>: D. Pedro Matesanz Vera.<\/p>\n<p><em>Campa\u00f1a<\/em>: Julio 1985.<\/p>\n<p>20- <strong>Villa de Aguilar de Campoo (Palencia)<\/strong>.<\/p>\n<p><em>Director<\/em>: D\u00f1a. Bel\u00e9n Sanchioli S\u00e1ez.<\/p>\n<p>Campa\u00f1a: Julio 1986.<\/p>\n<p>3- <strong>Monasterio de Sta. Mar\u00eda la Real de Aguilar de Campoo (Palencia)<\/strong>.<\/p>\n<p><em>Director<\/em>: D. Pedro Matesanz Vera.<\/p>\n<p><em>Campa\u00f1a<\/em>: Septiembre 1986.<\/p>\n<p>4- <strong>Villa de Aguilar de Campoo (Palencia)<\/strong>.<\/p>\n<p><em>Directora<\/em>: D\u00f1a. Bel\u00e9n Sanchioli S\u00e1ez.<\/p>\n<p><em>Campa\u00f1a<\/em>: 15 al 31 de julio 1987<\/p>\n<p>5- <strong>Castillo de Aguilar de Campoo (Palencia)<\/strong>.<\/p>\n<p><em>Directora<\/em>: D\u00f1a. Bel\u00e9n Sanchioli S\u00e1ez.<\/p>\n<p><em>Campa\u00f1a<\/em>: Agosto 1987.<\/p>\n<p>6- <strong>Monasterio de Sta. Mar\u00eda la Real de Aguilar de Campoo (Palencia)<\/strong>.<\/p>\n<p><em>Director<\/em>: D. Pedro Matesanz Vera.<\/p>\n<p><em>Campa\u00f1as<\/em>: Agosto 1988 como responsable de diario y dibujo.<\/p>\n<p>7- <strong>Calatrava la Vieja (Carri\u00f3n de Calatrava, Ciudad Real)<\/strong>.<\/p>\n<p><em>Directores<\/em>: Dr. D. Juan Zozaya Stabel-Hansen y D. Manuel Retuerce Velasco.<\/p>\n<p><em>Campa\u00f1as<\/em>: 15 al 30 de septiembre 1988.<\/p>\n<p>8- <strong>Monasterio de Sta. Mar\u00eda de Wamba (Valladolid)<\/strong>.<\/p>\n<p><em>Directores<\/em>: D. Pedro Matesanz Vera y D\u00f1a. Yolanda Gonz\u00e1lez-Campos Baeza.<\/p>\n<p><em>Campa\u00f1as<\/em>: Fase previa de documentaci\u00f3n ; 10 d\u00edas entre enero, febrero y marzo. Abril 1988 a julio 1988.<\/p>\n<p>9- <strong>Castillo de Aguilar de Campoo (Palencia)<\/strong>.<\/p>\n<p><em>Director<\/em>: D\u00f1a. Bel\u00e9n Sanchioli S\u00e1ez.<\/p>\n<p><em>Campa\u00f1a<\/em>: Julio 1989.<\/p>\n<p>10- <strong>Monasterio de Sta. Mar\u00eda la Real de Aguilar de Campoo (Palencia)<\/strong>.<\/p>\n<p><em>Director<\/em>: D. Pedro Matesanz Vera.<\/p>\n<p><em>Campa\u00f1as<\/em>: Agosto 1989 responsable de Documentaci\u00f3n. Octubre 1989<\/p>\n<p>11- <strong>Calatrava la Vieja (Carri\u00f3n de Calatrava, Ciudad Real)<\/strong>.<\/p>\n<p><em>Directores<\/em>: Dr. D. Juan Zozaya Stabel-Hansen y D. Manuel Retuerce Velasco.<\/p>\n<p><em>Campa\u00f1as<\/em>: 15 de septiembre al 31 de octubre 1989.<\/p>\n<p>12- <strong>Entorno del Alc\u00e1zar de Toro (Zamora)<\/strong>.<\/p>\n<p><em>Director<\/em>: D\u00f1a. Asunci\u00f3n Limpo y Llofriu.<\/p>\n<p><em>Campa\u00f1a<\/em>: del 2 al 23 de diciembre 1989<\/p>\n<p>13- <strong>Monasterio de Sta. Luc\u00eda del Trampal (Alcuescar, C\u00e1ceres)<\/strong>.<\/p>\n<p><em>Directores<\/em>: Dr. D. Luis Caballero Zoreda y D\u00f1a. Cristina S\u00e1nchez Hern\u00e1ndez.<\/p>\n<p><em>Campa\u00f1a<\/em>: Septiembre de 1990.<\/p>\n<p>14- <strong>Iglesia de Sta. Eulalia de M\u00e9rida (Badajoz)<\/strong>.<\/p>\n<p><em>Directores<\/em>: Dr. D. Luis Caballero Zoreda y D. Pedro Mateos Cruz.<\/p>\n<p><em>Campa\u00f1as<\/em>: Diciembre de 1990 y enero 1991 como integrante del equipo de an\u00e1lisis de estructuras arquitect\u00f3nicas.<\/p>\n<p>15- <strong>Iglesia de Sta. Eulalia de M\u00e9rida (Badajoz)<\/strong>.<\/p>\n<p><em>Directores<\/em>: Dr. D. Luis Caballero Zoreda y D. Pedro Mateos Cruz.<\/p>\n<p><em>Campa\u00f1as<\/em>: 20 de septiembre al 31 de octubre 1991 como parte del equipo de an\u00e1lisis de estructuras arquitect\u00f3nicas;coordinador de las actividades de un grupo de ayudantes y; dibujo arqueol\u00f3gico.<\/p>\n<p>16- <strong>Monasterio de San Lorenzo de Carboeiro (Pontevedra)<\/strong>.<\/p>\n<p><em>Directores<\/em>: D. Andr\u00e9s Bonilla Rodr\u00edguez y D. Rafael Penedo Romero.<\/p>\n<p><em>Campa\u00f1a<\/em>: Julio 1991.<\/p>\n<p>17- <strong>Catedral de Santiago de Compostela (La Coru\u00f1a)<\/strong>.<\/p>\n<p><em>Director<\/em>: D. Luis Suarez Otero<\/p>\n<p><em>Campa\u00f1a<\/em>: 20 de agosto al 20 de septiembre 1991.<\/p>\n<p>-6 d\u00edas de noviembre.<\/p>\n<p>18- <strong>Despoblado de Villarejo de Salvanes (Madrid)<\/strong>.<\/p>\n<p><em>Director<\/em>: D. Ra\u00fal Menasalvas<\/p>\n<p><em>Campa\u00f1a<\/em>: 1 de julio al 31 de agosto de 1992.<\/p>\n<p>&#8211; Como profesor en el campo de trabajo.<strong>\u00a0<\/strong><\/p>\n<p><strong>Prospecciones<\/strong> :<\/p>\n<p>1- <strong>Despoblado de Santillana (Pantano de Aguilar de Campoo, Palencia)<\/strong>.<\/p>\n<p><em>Director<\/em>: D. Pedro Matesanz Vera.<\/p>\n<p><em>Campa\u00f1a<\/em>: 1 al 15 de julio 1987.<\/p>\n<p>2- <strong>Prospecci\u00f3n de las torres almenara desde Almu\u00f1ecar hasta M\u00e1laga, dentro del proyecto Carta Arqueol\u00f3gica Subacu\u00e1tica de M\u00e1laga<\/strong>.<\/p>\n<p><em>Directores<\/em>: Dr. D. Sergio Mart\u00ednez Lillo y D\u00f1a. Bel\u00e9n Mart\u00ednez D\u00edaz..<\/p>\n<p><em>Campa\u00f1a<\/em>: 1 al 15 de septiembre 1988.<\/p>\n<p>3- <strong>Prospecci\u00f3n dentro del proyecto Poblamiento Medieval en el Valle del Ti\u00e9tar (Avila)<\/strong>.<\/p>\n<p><em>Director<\/em>: Dr. D. Sergio Mart\u00ednez Lillo.<\/p>\n<p><em>Campa\u00f1a<\/em>: Diciembre de 1992.<\/p>\n<p>4- <strong>Prospecci\u00f3n en la finca Los Rasos de Valdetorres del Jarama (Madrid)<\/strong>.<\/p>\n<p><em>Director<\/em>: Fernando S\u00e1ez Lara.<\/p>\n<p><em>Campa\u00f1a<\/em>: 12 a 25 de noviembre de 1995.<strong>\u00a0<\/strong><\/p>\n<p><strong>\u00a0\u00a0\u00a0\u00a0\u00a0\u00a0\u00a0\u00a0\u00a0\u00a0\u00a0\u00a0\u00a0\u00a0\u00a0\u00a0\u00a0\u00a0\u00a0\u00a0\u00a0\u00a0\u00a0 Participaci\u00f3n en congresos y cursos.<\/strong><\/p>\n<p>1- Curso :\u00a0 <strong>\u00abSeis lecciones sobre Arte rupestre Paleol\u00edtico\u00bb<\/strong>.<\/p>\n<p>Impartido por el Dr. D. Eduardo Ripoll Perello.<\/p>\n<p>a 31 de octubre de 1986.<\/p>\n<p>2- Seminario monogr\u00e1fico : <strong>\u00abT\u00e9cnicas y Tecnolog\u00edas Cer\u00e1micas Antiguas\u00bb<\/strong>.<\/p>\n<p>Impartido por el Dr. D. Joaqu\u00edn Barrio Mart\u00edn.<\/p>\n<p>Durante los meses de febrero, marzo y abril de 1987.<\/p>\n<p>3- Curso :\u00a0 <strong>\u00abAula de Cer\u00e1mica\u00bb<\/strong>.<\/p>\n<p>Impartido por los profesores D\u00f1a. Margarita Pi\u00f1an<\/p>\n<p>y D. Joaqu\u00edn Barrio Mart\u00edn, durante el curso<\/p>\n<p>1987-88.<\/p>\n<p>4- <strong>III. Congreso de Arqueolog\u00eda Medieval Espa\u00f1ola<\/strong>.<\/p>\n<p>27 de marzo- 1 de abril.<\/p>\n<p>Oviedo 1989<\/p>\n<p>4- Ciclo de conferencias: <strong>\u00abCastillos y Fortalezas del Reino de Le\u00f3n\u00bb<\/strong>.<\/p>\n<p>Organizado por el Area de Historia Medieval<\/p>\n<p>del 20 al 30 de noviembre de 1989.<\/p>\n<p>5- <strong>JORNADAS INTERNACIONALES \u00abLOS VISIGODOS Y SU MUNDO\u00bb<\/strong>.<\/p>\n<p>Impartidas en el Ateneo de Madrid los d\u00edas<\/p>\n<p>22, 23 y 24 de noviembre de 1990 en Madrid y Toledo.<\/p>\n<p>6- Curso : <strong>\u00abBas\u00edlicas Cristianas\u00bb<\/strong>.<\/p>\n<p>Impartido por el Prof. Dr. D. Pedro de Palol Salellas<\/p>\n<p>los d\u00edas 3 y 4 de diciembre de 1990 en el Museo Nacional de Arte Romano de M\u00e9rida.<\/p>\n<p>7- Curso : <strong>\u00abIII Encuentros de Arqueolog\u00eda de los Edificios de Salobre\u00f1a\u00bb. (Granada).<\/strong><\/p>\n<p>Octubre de 1992.<\/p>\n<p><strong>8- \u201cVisigodos y Omeyas: Un debate entre la Tardoantig\u00fcedad y la Alta Edad Media\u201d<\/strong> 21-23 de abril de 1999. M\u00e9rida.<\/p>\n<p>9- Vidrios<\/p>\n<p>10- <strong>\u201cArtes industriales en M\u00e9rida (III): Bronces romanos\u201d<\/strong> M\u00e9rida 9 de Marzo de 2001<\/p>\n<p>11- \u201cII Jornadas de Arqueolog\u00eda en Extremadura\u201d entre el 26 de noviembre y el 1 de diciembre de 2001<\/p>\n<p>12- Las Sigillatas en la Lusitania: 3 horas. 2002<\/p>\n<p>13. La escultura en \u00e9poca visigoda: 4 horas. 2002<\/p>\n<p>14- El patrimonio historico-art\u00edstico y arqueol\u00f3gico y su revalorizaci\u00f3n tur\u00edstica y social. 20 horas. Diciembre de 2002<\/p>\n<p>15- Curso de prevenci\u00f3n de riesgos laborales del Consorcio. Meses de Marzo y Abril de 2003<\/p>\n<p>16- La tardorromanidad: 4 horas. 2003<\/p>\n<p>17- Arqueolog\u00eda de la Arquitectura tardorromana y altomedieval en hispania: 4 horas. Marzo 2004<\/p>\n<p>18- El poblamiento prehist\u00f3rico de m\u00e9rida y su comarca: 4 horas. Abril 2003<\/p>\n<p>19- III congreso de obras p\u00fablicas 5 al 7 de octubre de 2006<\/p>\n<p>CURSOS DE VERANO IMPARTIDOS DEL CONSORCIO<\/p>\n<p>&#8211;\u00a0\u00a0\u00a0\u00a0\u00a0\u00a0\u00a0\u00a0\u00a0 Monitor en el V curso. Julio 2001<\/p>\n<p>&#8211;\u00a0\u00a0\u00a0\u00a0\u00a0\u00a0\u00a0\u00a0\u00a0 Monitor en el VI curso. Julio 2002<\/p>\n<p>&#8211;\u00a0\u00a0\u00a0\u00a0\u00a0\u00a0\u00a0\u00a0\u00a0 Monitor en el VII curso. Julio 2003<\/p>\n<p>&#8211;\u00a0\u00a0\u00a0\u00a0\u00a0\u00a0\u00a0\u00a0\u00a0 Monitor en el VIII curso. Julio 2004<\/p>\n<p>&#8211;\u00a0\u00a0\u00a0\u00a0\u00a0\u00a0\u00a0\u00a0\u00a0 Monitor en el IX curso. Julio 2005<\/p>\n<p><strong>OTROS MERITOS<\/strong><\/p>\n<p><strong>\u00a0\u00a0\u00a0\u00a0\u00a0\u00a0\u00a0\u00a0\u00a0\u00a0\u00a0\u00a0\u00a0\u00a0\u00a0\u00a0\u00a0\u00a0\u00a0\u00a0\u00a0\u00a0\u00a0\u00a0\u00a0\u00a0\u00a0\u00a0\u00a0\u00a0\u00a0\u00a0\u00a0\u00a0 TRABAJOS DE ESTUDIO Y TOMA DE DATOS<\/strong> :<\/p>\n<p>1- Colaboraci\u00f3n en los trabajos de laboratorio con <strong>materiales del casco urbano de Cuellar (Segovia)<\/strong>.<\/p>\n<p><em>Director<\/em>: Dr. D. Joaqu\u00edn Barrio Mart\u00edn.<\/p>\n<p><em>Cursos<\/em>: 1986-87. -1987-88.<\/p>\n<p>2- <strong>Descripci\u00f3n y dibujo de los materiales de Sta. Mar\u00eda la Real de Aguilar de Campoo (Palencia)<\/strong>.<\/p>\n<p><em>Director<\/em>: D. Pedro Matesanz Vera.<\/p>\n<p><em>A\u00f1os<\/em>: 1987, 1988 y 1989.<\/p>\n<p>3- Puesta en limpio de los <strong>dibujos de cer\u00e1mica del yacimiento de Calatrava la Vieja (Carri\u00f3n de Calatrava, Ciudad Real)<\/strong>.<\/p>\n<p><em>Director<\/em>: D. Manuel Retuerce Velasco.<\/p>\n<p><em>A\u00f1o<\/em>: 1989.<\/p>\n<p>4- <strong>Maquetaci\u00f3n de los dibujos para la tesis de D. Juan Zozaya Stabel-Hansen<\/strong>.<\/p>\n<p><em>A\u00f1o<\/em>: 1990.<\/p>\n<p>5- Puesta en limpio de los <strong>dibujos cer\u00e1micos y de excavaci\u00f3n del Alc\u00e1zar de Toro (Zamora)<\/strong> para la Memoria de Campa\u00f1a.<\/p>\n<p><em>Director<\/em>: D\u00f1a. Asunci\u00f3n Limpo y Llofriu.<\/p>\n<p>6- <strong>Dibujo a tinta de la planimetr\u00eda del claustro de la Catedral de Santiago de Compostela (La Coru\u00f1a)<\/strong>.<\/p>\n<p><em>Director<\/em>: D. Luis Suarez Otero.<\/p>\n<p><em>A\u00f1o<\/em>: 1992.<\/p>\n<p>7- <strong>Toma de datos y restituci\u00f3n fotogram\u00e9trica digital<\/strong> de las zonas restauradas posteriormente a 1977 de la iglesia de <strong>Sta. Mar\u00eda de Melque (Toledo)<\/strong>.<\/p>\n<p><em>Campa\u00f1a<\/em>: 15 de julio al 15 de agosto de 1993.<\/p>\n<p><em>Empresa<\/em>: Latorre y C\u00e1mara, S.L.<\/p>\n<p>8- <strong>Toma de datos para la restituci\u00f3n fotogram\u00e9trica del Acueducto de Segovia<\/strong>.<\/p>\n<p><em>Fase<\/em> <em>previa<\/em>: 20 de septiembre al 15 de octubre.<\/p>\n<p><em>Campa\u00f1a<\/em>: 15 de octubre al 15 de noviembre de 1993.<\/p>\n<p><em>Empresa<\/em>: Latorre y C\u00e1mara, S.L.<\/p>\n<p>9- <strong>Restituci\u00f3n fotogram\u00e9trica del Acueducto de Segovia<\/strong>.<\/p>\n<p><em>Campa\u00f1a<\/em>: Enero al 30 de mayo de 1994<\/p>\n<p><em>Empresa<\/em>: Latorre y C\u00e1mara, S.L.<\/p>\n<p>10- <strong>Toma de datos, restituci\u00f3n fotogram\u00e9trica digital, dibujo de materiales y realizaci\u00f3n de la memoria de campa\u00f1a<\/strong> de la zona sur del yacimiento de <strong>Sta. Mar\u00eda de Melque (Toledo)<\/strong>.<\/p>\n<p><em>Director<\/em>: Luis Caballero Zoreda.<\/p>\n<p><em>Campa\u00f1a<\/em>: 11 de abril al 31 de agosto de 1994.<\/p>\n<p>11- <strong>Toma de datos y restituci\u00f3n fotogram\u00e9trica digital de la iglesia de San Pedro de la Nave (Zamora)<\/strong>.<\/p>\n<p><em>Director<\/em>: Luis Caballero Zoreda.<\/p>\n<p><em>Empresa<\/em>: Latorre y C\u00e1mara, S.L.<\/p>\n<p><em>Campa\u00f1a<\/em>: Enero, febrero y marzo de 1995.<\/p>\n<p>12- <strong>Toma de datos para la restituci\u00f3n fotogram\u00e9trica de la Catedral de Palma de Mallorca<\/strong>.<\/p>\n<p><em>Empresa<\/em>: Latorre y C\u00e1mara, S.L.<\/p>\n<p><em>Campa\u00f1a<\/em>: Junio de 1995.<\/p>\n<p>13- <strong>Toma de datos y restituci\u00f3n fotogram\u00e9trica del puente de Gardea en Llodio (Alava)<\/strong>.<\/p>\n<p><em>Campa\u00f1a<\/em>: Agosto de 1995.<\/p>\n<p>14- <strong>Dibujo de los materiales cer\u00e1micos para la tesis de D\u00f1a. Margarita Fern\u00e1ndez Mier<\/strong>.<\/p>\n<p><em>Campa\u00f1a<\/em>: Agosto de 1995.<\/p>\n<p>15- <strong>Toma de datos del yacimiento de Navasangil en Solosancho (Avila).<\/strong><\/p>\n<p><em>Campa\u00f1a<\/em>: Septiembre de 1997.<\/p>\n<p><strong>\u00a0\u00a0\u00a0\u00a0\u00a0\u00a0\u00a0\u00a0\u00a0\u00a0\u00a0\u00a0\u00a0\u00a0\u00a0\u00a0\u00a0\u00a0\u00a0\u00a0\u00a0\u00a0\u00a0\u00a0\u00a0\u00a0\u00a0\u00a0\u00a0\u00a0\u00a0\u00a0\u00a0\u00a0\u00a0\u00a0\u00a0\u00a0\u00a0 GRANDES EQUIPOS QUE UTILIZA<\/strong><\/p>\n<p>Equipo de fotogrametr\u00eda terrestre y tratamiento digital de planos, formado por:<\/p>\n<p>\uf0d7 Estaci\u00f3n total electr\u00f3nica Pentax PTS-2.<\/p>\n<p>\uf0d7 C\u00e1mara fotogr\u00e1fica semim\u00e9trica Rollei 6006.<\/p>\n<p>\uf0d7 C\u00e1mara fotogr\u00e1fica no m\u00e9trica Hasselblad SWC\/m.<\/p>\n<p>\uf0d7 Restituidor estereosc\u00f3pico an\u00e1litico ADAM MPS-2.<\/p>\n<p>\uf0d7 Trazador gr\u00e1fico OCG 1825-C DIA A-O.<\/p>\n<p>Programas CALCO de conversi\u00f3n de datos taquim\u00e9tricos; MS WORD de tratamiento de texto; ADOBE PHOTOSHOP y COREL PHOTOPAINT de tratamiento fotogr\u00e1fico; AUTOCAD y CORELDRAW de tratamiento arquitect\u00f3nico y planim\u00e9trico; MS ACCESS y FILEMARKER PRO de Base de Datos.<\/p>\n<p><img decoding=\"async\" loading=\"lazy\" class=\"aligncenter size-full wp-image-3797\" title=\"Acua Libera al atardecer\" src=\"http:\/\/www.historiacocina.com\/es\/wp-content\/uploads\/2012\/08\/libera3.jpg\" alt=\"\" width=\"600\" height=\"450\" srcset=\"https:\/\/www.historiacocina.com\/es\/wp-content\/uploads\/2012\/08\/libera3.jpg 600w, https:\/\/www.historiacocina.com\/es\/wp-content\/uploads\/2012\/08\/libera3-300x225.jpg 300w, https:\/\/www.historiacocina.com\/es\/wp-content\/uploads\/2012\/08\/libera3-400x300.jpg 400w\" sizes=\"(max-width: 600px) 100vw, 600px\" \/><\/p>\n<p style=\"text-align: center;\">\u00a0CURRICULUM VITAE<\/p>\n<p>Nombre: Noem\u00ed Cabalgante Reina<\/p>\n<p>DNI: 9.180.310 k<\/p>\n<p>Fecha de nacimiento: 19 de mayo de 1973<\/p>\n<p>Domicilio: c\/ C\u00e1ceres, n\u00ba 20, 06894 Aljuc\u00e9n (Badajoz)<\/p>\n<p>Tel\u00e9fonos de contacto: 924 31 00 32 \u00f3 667520190<\/p>\n<p>e-mail: cabalgante@aqualibera.com<\/p>\n<p><span style=\"text-decoration: underline;\">Formaci\u00f3n<\/span><span style=\"text-decoration: underline;\">acad\u00e9mica<\/span><\/p>\n<p>Diplomada en I<strong>ngenier\u00eda<\/strong><strong> <\/strong><strong>T\u00e9cnica<\/strong><strong> <\/strong><strong>Agr\u00edcola<\/strong>, especialidad E<em>xplotaciones<\/em><em> <\/em><em>Agropecuarias<\/em> en la Escuela Universitaria de I.T.A. De la Universidad de Extremadura en Badajoz. 1998.<\/p>\n<p>Proyecto fin de carrera: <em>\u201c<\/em><em>Peritaci\u00f3n<\/em><em> <\/em><em>de<\/em><em> <\/em><em>da\u00f1os<\/em><em> <\/em><em>en<\/em><em> <\/em><em>cultivos<\/em><em> <\/em><em>de<\/em><em> <\/em><em>cereales<\/em><em> <\/em><em>de<\/em><em> <\/em><em>invierno<\/em><em>\u201d<\/em><\/p>\n<p><span style=\"text-decoration: underline;\">Experiencia<\/span><span style=\"text-decoration: underline;\">laboral<\/span><\/p>\n<p>&#8211;\u00a0\u00a0\u00a0\u00a0\u00a0 Ingeniero T\u00e9cnico Agr\u00edcola en asistencia t\u00e9cnica a la Consejer\u00eda de Agricultura y Medio Ambiente de la Junta de Extremadura, con la empresa URUE\u00d1A TORRECILLA CONSULTORES S.L. Desde febrero de 2005 hasta la actualidad.<\/p>\n<p>&#8211;\u00a0\u00a0\u00a0\u00a0\u00a0 Administrativo para TECNOVE FIBERGLASS EXTREMADURA S.L. Desde mayo de 2004 hasta enero de 2005.<\/p>\n<p>&#8211;\u00a0\u00a0\u00a0\u00a0\u00a0 Ingeniero T\u00e9cnico Agr\u00edcola para Fomento Rural, S.L. Hnos. Maristas s\/n (Badajoz) durante la campa\u00f1a PAC 2004, de febrero a marzo 2004.<\/p>\n<p>&#8211;\u00a0\u00a0\u00a0\u00a0\u00a0 Ingeniero T\u00e9cnico Agr\u00edcola para ACOPAEX. Sda.Coop.\u00a0 Avda. De los rosales (M\u00e9rida) en Sda. Coop. Lda. del campo San Jos\u00e9 de Calamonte . De agosto a septiembre 2003.<\/p>\n<p>&#8211;\u00a0\u00a0\u00a0\u00a0\u00a0 Colaboraci\u00f3n en la elaboraci\u00f3n del Inventario de Recursos Naturales y Estudio de Impacto Ambiental del Parque Etnoarqueologico y Medioambiental \u201cCastrej\u00f3n de Capote\u201d Higuera la Real (Badajoz). Consejer\u00eda de Cultura. Junta de Extremadura. Junio 2002.<\/p>\n<p>&#8211;\u00a0\u00a0\u00a0\u00a0\u00a0 Pe\u00f3n de arquelog\u00eda para ARQUEOCHECK.S.L. C\/ Sagasta, n\u00ba 38. M\u00e9rida (Badajoz), meses de marzo y abril de 2001.<\/p>\n<p>&#8211;\u00a0\u00a0\u00a0\u00a0\u00a0 Ingeniero T\u00e9cnico Agr\u00edcola para Tecnolog\u00edas y Servicios Agrarios, S.A.-TRAGSATEC c\/ Conde de Pe\u00f1alver, 84. Madrid. Como t\u00e9cnico de campo del SIG ole\u00edcola en las provincias de C\u00f3rdoba, Badajoz y Ciudad Real, de febrero a octubre de 2000.<\/p>\n<p>&#8211;\u00a0\u00a0\u00a0\u00a0\u00a0 Auxiliar de laboratorio para Conservas Elag\u00f3n, C\/ Extramuros s\/n Coria (C\u00e1ceres). En el departamento de Control de Calidad en las l\u00edneas de tomate pelado y troceado durante la campa\u00f1a (julio-septiembre) 1999<\/p>\n<p>&#8211;\u00a0\u00a0 Desde el a\u00f1o 2007 es gerente y copropietaria de Termas Aqua Libera, casa rural, restaurante de cocina romana, termas y masajes.<\/p>\n<p><span style=\"text-decoration: underline;\">Formaci\u00f3n<\/span><span style=\"text-decoration: underline;\">complementaria<\/span><\/p>\n<p>&#8211;\u00a0\u00a0 Curso de GESTI\u00d3N Y TRAMITACI\u00d3N DE AYUDAS AL SECTOR AGRARIO. Organizado por ASAJA EXTREMADURA. 20 horas. Octubre 2002.<\/p>\n<p>&#8211;\u00a0\u00a0\u00a0\u00a0\u00a0 Curso de AGRICULTURA ECOLOGICA. Aula Mentor en M\u00e9rida, Badajoz. Ministerio de Educaci\u00f3n y Ciencias. 60 horas. Febrero de 2002.<\/p>\n<p>&#8211;\u00a0\u00a0\u00a0\u00a0\u00a0 Jornadas T\u00e9cnicas \u201cEnerg\u00edas Renovables: la Agricultura, productora de biocombustible\u201d (M\u00e9rida, Badajoz) Noviembre de 2000.<\/p>\n<p>&#8211;\u00a0\u00a0\u00a0\u00a0\u00a0 Curso de\u00a0 VIVERISTA DE PLANTAS DE EXTERIOR. Consejer\u00eda de Presidencia y Trabajo de la Junta de Extremadura. 350 horas. Impartido en Viveros Guadiana (Torremayor, Badajoz) de abril a julio de 1999.<\/p>\n<p>&#8211;\u00a0\u00a0\u00a0\u00a0\u00a0 Curso de EXPERTO EN CONTABILIDAD, GESTI\u00d3N Y COMERCIALIZACI\u00d3N DE EXPLOTACIONES AGRARIAS. Consejer\u00eda de Presidencia y Trabajo de la Junta de Extremadura. 350 horas. Impartido en E.F.A. \u201cGuadaljuc\u00e9n\u201d (M\u00e9rida, Badajoz) De agosto a noviembre de 1998.<\/p>\n<p>&#8211;\u00a0\u00a0\u00a0\u00a0\u00a0 IV Jornadas sobre AGRICULTURA Y SOCIEDAD. Universidad de Extremadura (Badajoz) de agosto a noviembre de 1998.<\/p>\n<p>&#8211;\u00a0\u00a0\u00a0\u00a0\u00a0 I Jornadas sobre PRODUCCI\u00d3N ECOLOGICA DEL OLIVAR EN EXTREMADURA Y PORTUGAL. Consejer\u00eda de Agricultura y Comercio de la Junta de Extremadura (Badajoz) noviembre de 1998.<\/p>\n<p>&#8211;\u00a0\u00a0\u00a0\u00a0\u00a0 Jornadas sobre CULTIVOS ALTERNATIVOS NO ALIMENTARIOS. Consejer\u00eda de Agricultura y Comercio de la Junta de Extremadura (Badajoz) noviembre de 1996.<\/p>\n<p><span style=\"text-decoration: underline;\">Otros<\/span><span style=\"text-decoration: underline;\">conocimientos:<\/span><span style=\"text-decoration: underline;\">\u00a0<\/span><\/p>\n<p>Ingles: nivel medio hablado y escrito<\/p>\n<p>Inform\u00e1tica: nivel usuario de Microsoft Windows, MS Word, Excel, Autocad y Linux<\/p>\n<p>Dise\u00f1o e instalaci\u00f3n de sistemas automatizados de riego en jardiner\u00eda.<\/p>\n<p><span style=\"text-decoration: underline;\">Otros<\/span><span style=\"text-decoration: underline;\">datos<\/span><span style=\"text-decoration: underline;\">de<\/span><span style=\"text-decoration: underline;\">inter\u00e9s<\/span><span style=\"text-decoration: underline;\">\u00a0<\/span><\/p>\n<p>Carnet de conducir tipo B<\/p>\n<p>Posibilidad de movilidad geogr\u00e1fica<\/p>\n<p>Coche propio<\/p>\n<p>Carnet de manipulador de productos fitosanitarios.<br \/>\n<script type=\"text\/javascript\">\/\/ <![CDATA[\nvar _gaq = _gaq || [];   _gaq.push(['_setAccount', 'UA-31227422-1']);   _gaq.push(['_trackPageview']);   (function() {     var ga = document.createElement('script'); ga.type = 'text\/javascript'; ga.async = true;     ga.src = ('https:' == document.location.protocol ? 'https:\/\/ssl' : 'http:\/\/www') + '.google-analytics.com\/ga.js';     var s = document.getElementsByTagName('script')[0]; s.parentNode.insertBefore(ga, s);   })();\n\/\/ ]]><\/script><\/p>\n","protected":false},"excerpt":{"rendered":"<p>Dentro de nuestro nuevo apartado dedicado al gastroturismo hist\u00f3rico nos vamos a detener en un lugar para descansar, volver a disfrutar de la vida y, sin demasiada tramoya, recrear el mundo romano de una forma magistral en un hotel dentro &hellip; <a href=\"https:\/\/www.historiacocina.com\/es\/acua-libera\">Sigue leyendo <span class=\"meta-nav\">&rarr;<\/span><\/a><\/p>\n","protected":false},"author":1,"featured_media":0,"comment_status":"open","ping_status":"open","sticky":false,"template":"","format":"standard","meta":{"_mi_skip_tracking":false,"_exactmetrics_sitenote_active":false,"_exactmetrics_sitenote_note":"","_exactmetrics_sitenote_category":0},"categories":[61,59,74,71,98,85],"tags":[305,306,304,8],"aioseo_notices":[],"jetpack_featured_media_url":"","_links":{"self":[{"href":"https:\/\/www.historiacocina.com\/es\/wp-json\/wp\/v2\/posts\/3791"}],"collection":[{"href":"https:\/\/www.historiacocina.com\/es\/wp-json\/wp\/v2\/posts"}],"about":[{"href":"https:\/\/www.historiacocina.com\/es\/wp-json\/wp\/v2\/types\/post"}],"author":[{"embeddable":true,"href":"https:\/\/www.historiacocina.com\/es\/wp-json\/wp\/v2\/users\/1"}],"replies":[{"embeddable":true,"href":"https:\/\/www.historiacocina.com\/es\/wp-json\/wp\/v2\/comments?post=3791"}],"version-history":[{"count":6,"href":"https:\/\/www.historiacocina.com\/es\/wp-json\/wp\/v2\/posts\/3791\/revisions"}],"predecessor-version":[{"id":3800,"href":"https:\/\/www.historiacocina.com\/es\/wp-json\/wp\/v2\/posts\/3791\/revisions\/3800"}],"wp:attachment":[{"href":"https:\/\/www.historiacocina.com\/es\/wp-json\/wp\/v2\/media?parent=3791"}],"wp:term":[{"taxonomy":"category","embeddable":true,"href":"https:\/\/www.historiacocina.com\/es\/wp-json\/wp\/v2\/categories?post=3791"},{"taxonomy":"post_tag","embeddable":true,"href":"https:\/\/www.historiacocina.com\/es\/wp-json\/wp\/v2\/tags?post=3791"}],"curies":[{"name":"wp","href":"https:\/\/api.w.org\/{rel}","templated":true}]}}