{"id":3930,"date":"2012-08-22T16:43:57","date_gmt":"2012-08-22T14:43:57","guid":{"rendered":"http:\/\/www.historiacocina.com\/es\/?p=3930"},"modified":"2013-08-11T20:26:49","modified_gmt":"2013-08-11T18:26:49","slug":"gastroradio","status":"publish","type":"post","link":"https:\/\/www.historiacocina.com\/es\/gastroradio","title":{"rendered":"Gastroradio.com, la emisora del sabor"},"content":{"rendered":"<p style=\"text-align: justify;\"><a href=\"http:\/\/www.gastroradio.com\/programas_desglose.php?id=13&amp;pagina=1\"><img decoding=\"async\" loading=\"lazy\" class=\"alignleft size-full wp-image-3926\" title=\"Logo de Gastroradio\" src=\"http:\/\/www.historiacocina.com\/es\/wp-content\/uploads\/2012\/08\/gastroradiologo.jpg\" alt=\"\" width=\"100\" height=\"100\" \/><\/a>Hoy se emite nuestro primer programa de <a href=\"http:\/\/www.gastroradio.com\/programas_desglose.php?id=13&amp;pagina=1\" target=\"_blank\">Gastrohistoria<\/a> presentado por Carlos Azcoytia y donde intervienen Martha Delfin Guillaumin que nos habla sobre la historia del ma\u00edz en M\u00e9xico; Ricardo Plano que nos explica la dif\u00edcil convivencia de las cervecer\u00edas industriales y las artesanales y Miguel Krebs que nos narra la oscura historia de la Coca-cola en la Alemania nazi.<\/p>\n<p style=\"text-align: justify;\">Recuerde <a href=\"http:\/\/www.gastroradio.com\" target=\"_blank\">Gastroradio<\/a> como una emisora a tener entre sus favoritos porque es la \u00fanica dedicada en exclusiva a la gastronom\u00eda.<\/p>\n<p><script type=\"text\/javascript\">\/\/ <![CDATA[\nvar _gaq = _gaq || [];   _gaq.push(['_setAccount', 'UA-31227422-1']);   _gaq.push(['_trackPageview']);   (function() {     var ga = document.createElement('script'); ga.type = 'text\/javascript'; ga.async = true;     ga.src = ('https:' == document.location.protocol ? 'https:\/\/ssl' : 'http:\/\/www') + '.google-analytics.com\/ga.js';     var s = document.getElementsByTagName('script')[0]; s.parentNode.insertBefore(ga, s);   })();\n\/\/ ]]><\/script><\/p>\n","protected":false},"excerpt":{"rendered":"<p>Hoy se emite nuestro primer programa de Gastrohistoria presentado por Carlos Azcoytia y donde intervienen Martha Delfin Guillaumin que nos habla sobre la historia del ma\u00edz en M\u00e9xico; Ricardo Plano que nos explica la dif\u00edcil convivencia de las cervecer\u00edas industriales &hellip; <a href=\"https:\/\/www.historiacocina.com\/es\/gastroradio\">Sigue leyendo <span class=\"meta-nav\">&rarr;<\/span><\/a><\/p>\n","protected":false},"author":1,"featured_media":0,"comment_status":"closed","ping_status":"closed","sticky":false,"template":"","format":"standard","meta":{"_mi_skip_tracking":false,"_exactmetrics_sitenote_active":false,"_exactmetrics_sitenote_note":"","_exactmetrics_sitenote_category":0},"categories":[71],"tags":[],"aioseo_notices":[],"jetpack_featured_media_url":"","_links":{"self":[{"href":"https:\/\/www.historiacocina.com\/es\/wp-json\/wp\/v2\/posts\/3930"}],"collection":[{"href":"https:\/\/www.historiacocina.com\/es\/wp-json\/wp\/v2\/posts"}],"about":[{"href":"https:\/\/www.historiacocina.com\/es\/wp-json\/wp\/v2\/types\/post"}],"author":[{"embeddable":true,"href":"https:\/\/www.historiacocina.com\/es\/wp-json\/wp\/v2\/users\/1"}],"replies":[{"embeddable":true,"href":"https:\/\/www.historiacocina.com\/es\/wp-json\/wp\/v2\/comments?post=3930"}],"version-history":[{"count":5,"href":"https:\/\/www.historiacocina.com\/es\/wp-json\/wp\/v2\/posts\/3930\/revisions"}],"predecessor-version":[{"id":3932,"href":"https:\/\/www.historiacocina.com\/es\/wp-json\/wp\/v2\/posts\/3930\/revisions\/3932"}],"wp:attachment":[{"href":"https:\/\/www.historiacocina.com\/es\/wp-json\/wp\/v2\/media?parent=3930"}],"wp:term":[{"taxonomy":"category","embeddable":true,"href":"https:\/\/www.historiacocina.com\/es\/wp-json\/wp\/v2\/categories?post=3930"},{"taxonomy":"post_tag","embeddable":true,"href":"https:\/\/www.historiacocina.com\/es\/wp-json\/wp\/v2\/tags?post=3930"}],"curies":[{"name":"wp","href":"https:\/\/api.w.org\/{rel}","templated":true}]}}