{"id":4500,"date":"2012-12-03T13:42:59","date_gmt":"2012-12-03T12:42:59","guid":{"rendered":"http:\/\/www.historiacocina.com\/es\/?p=4500"},"modified":"2013-08-11T20:40:43","modified_gmt":"2013-08-11T18:40:43","slug":"lberto-chicote","status":"publish","type":"post","link":"https:\/\/www.historiacocina.com\/es\/lberto-chicote","title":{"rendered":"Biograf\u00eda de Alberto Chicote"},"content":{"rendered":"<p style=\"text-align: justify;\"><a href=\"https:\/\/www.historiacocina.com\/es\/carlos-azcoytia\"><img decoding=\"async\" loading=\"lazy\" class=\"alignleft size-full wp-image-2919\" title=\"Carlos Azcoytia\" src=\"http:\/\/www.historiacocina.com\/es\/wp-content\/uploads\/2012\/05\/azcoytia1art.jpg\" alt=\"\" width=\"100\" height=\"133\" \/><\/a>Cuando hice la biograf\u00eda de este magn\u00edfico restaurador all\u00e1 por el a\u00f1o 2006, que fue cuando tuve un agradable almuerzo de negocios en su restaurante Nodo, no pod\u00eda imaginar que con el tiempo se podr\u00eda convertir, aunque fugazmente, en un personaje de la televisi\u00f3n encarnando un papel que, m\u00e1s a la corta que a la larga, har\u00eda flaco favor a su profesi\u00f3n porque pondr\u00eda al descubierto las miserias y los puntos flacos de una serie de fracasados cocineros-empresarios.<\/p>\n<p style=\"text-align: justify;\">Lo que m\u00e1s raro se me hace en la actualidad es la inoportunidad del momento escogido, porque Chicote se supone que hace el papel de salvador de negocios de hosteler\u00eda fracasados cuando su restaurante insignia, Nodo, cierra sus puertas, toda una contradicci\u00f3n donde el salvador necesita ser salvado.<!--more--><\/p>\n<p style=\"text-align: justify;\"><img decoding=\"async\" loading=\"lazy\" class=\"alignleft size-full wp-image-4501\" title=\"chicote1\" src=\"http:\/\/www.historiacocina.com\/es\/wp-content\/uploads\/2012\/12\/chicote1.jpg\" alt=\"\" width=\"257\" height=\"217\" \/>En el a\u00f1o 2006 escrib\u00ed lo que a continuaci\u00f3n podr\u00e1 leer:<\/p>\n<p style=\"text-align: justify;\">Hace poco tiempo tuve la ocasi\u00f3n de conocer a Alberto Chicote en un almuerzo entre amigos en el restaurante NODO de Madrid, de la que es Jefe de Cocina, me sorprendi\u00f3 su simpat\u00eda, entrega y las atenciones personales que tuvo con nosotros, Tambi\u00e9n es cierto de su amistad personal con mi compa\u00f1ero de revista y casi hermano Sergio Fern\u00e1ndez Guerrero que en esos momentos era uno de los comensales.<\/p>\n<p style=\"text-align: justify;\">No sabr\u00eda como comenzar este art\u00edculo, si haciendo una referencia a su cocina o intentar contar su larga trayectoria como profesional, pese a su juventud, porque ambas confluyen coherentemente para formar una cocina fusi\u00f3n con caracter\u00edsticas muy marcadas que la hacen inconfundible.<\/p>\n<p style=\"text-align: justify;\">Alberto Chicote nace hace en Madrid en 1970, a los 17 a\u00f1os ingresa en la Escuela de Hosteler\u00eda de la Casa de Campo en Madrid donde descubre su vocaci\u00f3n que curiosamente es tras hacer su primera comida, unos espaguetis a la carborara, o como muy bien el dice: \u00ab<em>La pasta fue culpable, en cierto modo, de que me fascinara la gastronom\u00eda, pues al cocinarla me di cuenta de las posibilidades que me abr\u00eda un campo que desconoc\u00eda totalmente<\/em>\u00ab.<\/p>\n<p style=\"text-align: justify;\">Sus estudios en la escuela de Hosteler\u00eda los alternaba con trabajos en restaurantes tales como L\u00faculo con \u00c1ngel Garc\u00eda, en Sibaris con To\u00f1i Vicente o La Recoleta con Bel\u00e9n Lagu\u00eda. M\u00e1s tarde marcha a Suiza donde aprendi\u00f3 &#8216;organizaci\u00f3n, higiene y limpieza&#8217;\u00a0 en la restauraci\u00f3n.<\/p>\n<p style=\"text-align: justify;\">A su vuelta a Espa\u00f1a trabaja en la Taberna de Liria con Miguel L\u00f3pez para m\u00e1s tarde hacerlo con Salvador Gallego, del cual dir\u00e1: \u00ab<em>Es el que mejor me ha transmitido su cocina. Y, especialmente, me enamora como trabaja las aves<\/em>\u00ab.<\/p>\n<p style=\"text-align: justify;\">Tras su servicio militar, que entonces era obligatorio, dirige durante cuatro a\u00f1os el restaurante El Cenachero dejando \u00e9ste para tomar las riendas del restaurante en el que actualmente es Jefe de Cocina.<\/p>\n<p style=\"text-align: justify;\">Su cocina est\u00e1 b\u00e1sicamente basada en la fusi\u00f3n de las mediterr\u00e1nea y japonesa que sabe conjugar con maestr\u00eda, llegando a sorprender con alg\u00fan que otro potaje muy oportunamente entremetido en el men\u00fa, son sabores de la tierra sin enmascarar, trabajado todo con productos de primera calidad y con la valent\u00eda que da el ser un maestro en esto de la cocina.<\/p>\n<p style=\"text-align: justify;\">El restaurante NODO est\u00e1 ubicado en calle Vel\u00e1zquez, 150 de Madrid.<\/p>\n<p style=\"text-align: justify;\">\n<p style=\"text-align: justify;\">Ah!, no est\u00e1 permitido fumar, si fuma en la puerta les rogamos no echen las colillas en la maceta.<\/p>\n<p style=\"text-align: justify;\">Hasta ah\u00ed fue la peque\u00f1a nota dedicada a uno de los mejores cocineros que tenemos, que una cosa es ser un buen profesional y otra hacer el indio en televisi\u00f3n por obtener \u2018pasta\u2019, no de la que se come, y notoriedad.<\/p>\n<p style=\"text-align: justify;\">Ahora resulta chocante la coletilla final de que no estaba permitido fumar, cuando ya es obligatorio en todas partes hasta que estos golfos de los pol\u00edticos que tenemos crean que va en contra de sus intereses, caso del nuevo Casino de Madrid, que aqu\u00ed se legisla en plan cacique o seg\u00fan el talante de c\u00f3mo se levanta el pol\u00edtico de turno y as\u00ed nos va.<\/p>\n<p style=\"text-align: justify;\">Bibliograf\u00eda:<\/p>\n<p style=\"text-align: justify;\">Fotos obtenidas de la web del restaurante, biograf\u00eda basada en edici\u00f3n de Madrid Fusi\u00f3n, II Cumbre Internacional de Gastronom\u00eda.<\/p>\n<p><script type=\"text\/javascript\">\/\/ <![CDATA[\nvar _gaq = _gaq || [];   _gaq.push(['_setAccount', 'UA-31227422-1']);   _gaq.push(['_trackPageview']);   (function() {     var ga = document.createElement('script'); ga.type = 'text\/javascript'; ga.async = true;     ga.src = ('https:' == document.location.protocol ? 'https:\/\/ssl' : 'http:\/\/www') + '.google-analytics.com\/ga.js';     var s = document.getElementsByTagName('script')[0]; s.parentNode.insertBefore(ga, s);   })();\n\/\/ ]]><\/script><\/p>\n","protected":false},"excerpt":{"rendered":"<p>Cuando hice la biograf\u00eda de este magn\u00edfico restaurador all\u00e1 por el a\u00f1o 2006, que fue cuando tuve un agradable almuerzo de negocios en su restaurante Nodo, no pod\u00eda imaginar que con el tiempo se podr\u00eda convertir, aunque fugazmente, en un &hellip; <a href=\"https:\/\/www.historiacocina.com\/es\/lberto-chicote\">Sigue leyendo <span class=\"meta-nav\">&rarr;<\/span><\/a><\/p>\n","protected":false},"author":1,"featured_media":0,"comment_status":"open","ping_status":"closed","sticky":false,"template":"","format":"standard","meta":{"_mi_skip_tracking":false,"_exactmetrics_sitenote_active":false,"_exactmetrics_sitenote_note":"","_exactmetrics_sitenote_category":0},"categories":[73,61,59,71],"tags":[388],"aioseo_notices":[],"jetpack_featured_media_url":"","_links":{"self":[{"href":"https:\/\/www.historiacocina.com\/es\/wp-json\/wp\/v2\/posts\/4500"}],"collection":[{"href":"https:\/\/www.historiacocina.com\/es\/wp-json\/wp\/v2\/posts"}],"about":[{"href":"https:\/\/www.historiacocina.com\/es\/wp-json\/wp\/v2\/types\/post"}],"author":[{"embeddable":true,"href":"https:\/\/www.historiacocina.com\/es\/wp-json\/wp\/v2\/users\/1"}],"replies":[{"embeddable":true,"href":"https:\/\/www.historiacocina.com\/es\/wp-json\/wp\/v2\/comments?post=4500"}],"version-history":[{"count":3,"href":"https:\/\/www.historiacocina.com\/es\/wp-json\/wp\/v2\/posts\/4500\/revisions"}],"predecessor-version":[{"id":4504,"href":"https:\/\/www.historiacocina.com\/es\/wp-json\/wp\/v2\/posts\/4500\/revisions\/4504"}],"wp:attachment":[{"href":"https:\/\/www.historiacocina.com\/es\/wp-json\/wp\/v2\/media?parent=4500"}],"wp:term":[{"taxonomy":"category","embeddable":true,"href":"https:\/\/www.historiacocina.com\/es\/wp-json\/wp\/v2\/categories?post=4500"},{"taxonomy":"post_tag","embeddable":true,"href":"https:\/\/www.historiacocina.com\/es\/wp-json\/wp\/v2\/tags?post=4500"}],"curies":[{"name":"wp","href":"https:\/\/api.w.org\/{rel}","templated":true}]}}