{"id":5031,"date":"2013-03-31T15:23:45","date_gmt":"2013-03-31T13:23:45","guid":{"rendered":"http:\/\/www.historiacocina.com\/es\/?p=5031"},"modified":"2013-08-11T20:58:45","modified_gmt":"2013-08-11T18:58:45","slug":"un-breve-comentario-sobre-la-cocina-indigena-en-durango","status":"publish","type":"post","link":"https:\/\/www.historiacocina.com\/es\/un-breve-comentario-sobre-la-cocina-indigena-en-durango","title":{"rendered":"Un breve comentario sobre la cocina ind\u00edgena en Durango"},"content":{"rendered":"<p style=\"text-align: justify;\"><a href=\"https:\/\/www.historiacocina.com\/es\/somos-2\/martha-delfin\"><img decoding=\"async\" loading=\"lazy\" class=\"alignleft size-full wp-image-2179\" alt=\"Martha Delfin Guillaumin\" src=\"http:\/\/www.historiacocina.com\/es\/wp-content\/uploads\/2012\/05\/marthartic.jpg\" width=\"100\" height=\"102\" \/><\/a>Hace a\u00f1os, en camino desde Chihuahua hacia la ciudad de Puebla, nos detuvimos con mis padres y hermanos en Chupaderos, un pueblito muy peculiar del Estado de Durango, y es que era uno de los lugares en donde se filmaban y contin\u00faan film\u00e1ndose pel\u00edculas de vaqueros, las western, y parec\u00eda que el lugar nos transportaba a tiempos remotos. Las im\u00e1genes que guard\u00e9 en mi memoria son las de ese poblado, los paisajes de valles y montes, as\u00ed como de los souvenirs en los que se inclu\u00eda a los famosos alacranes de esa provincia, claro, colocados adentro de la base de un cenicero de vidrio para el turista.<\/p>\n<p style=\"text-align: justify;\">Durango se encuentra en el norte de M\u00e9xico y por mucho tiempo se crey\u00f3 err\u00f3neamente que en su \u00e1rea, al igual que en todo el septentri\u00f3n mexicano, no hab\u00eda vestigios de culturas antiguas. Sin embargo, ahora se sabe \u201cque hay sitios, entre ellos el de La Ferrer\u00eda, con materiales que indican que Durango tuvo una larga y continua ocupaci\u00f3n humana. En aquel amplio territorio habitaron grupos sedentarios, adem\u00e1s de muchos otros n\u00f3madas y semin\u00f3madas, es decir, con diversos grados de tecnificaci\u00f3n y adelanto.\u201d [1] Actualmente, en Durango y las provincias lim\u00edtrofes hay cinco pueblos ind\u00edgenas muy importantes, a saber, los tepehuanos, los rar\u00e1muri, los coras, los huicholes y los mexicaneros. Los l\u00edmites de esa provincia hacen que varias entidades compartan a las comunidades de estos pueblos originarios, es decir, Chihuahua, Coahuila, Sinaloa, Zacatecas y Nayarit.<!--more--><\/p>\n<div id=\"attachment_5055\" style=\"width: 610px\" class=\"wp-caption aligncenter\"><img aria-describedby=\"caption-attachment-5055\" decoding=\"async\" loading=\"lazy\" class=\"size-full wp-image-5055\" alt=\"Ind\u00edgenas de Durango y las provincias lim\u00edtrofes:Tepehuanos, Mexicaneros, Coras, Huicholes, Rar\u00e1muris (2)\" src=\"http:\/\/www.historiacocina.com\/es\/wp-content\/uploads\/2013\/03\/durango0v.jpg\" width=\"600\" height=\"450\" srcset=\"https:\/\/www.historiacocina.com\/es\/wp-content\/uploads\/2013\/03\/durango0v.jpg 600w, https:\/\/www.historiacocina.com\/es\/wp-content\/uploads\/2013\/03\/durango0v-300x225.jpg 300w, https:\/\/www.historiacocina.com\/es\/wp-content\/uploads\/2013\/03\/durango0v-400x300.jpg 400w\" sizes=\"(max-width: 600px) 100vw, 600px\" \/><p id=\"caption-attachment-5055\" class=\"wp-caption-text\">Ind\u00edgenas de Durango y las provincias lim\u00edtrofes:<br \/>Tepehuanos, Mexicaneros, Coras, Huicholes, Rar\u00e1muris (2)<\/p><\/div>\n<p style=\"text-align: justify;\">Al ahora Estado de Durango se le llam\u00f3 Reino de la Nueva Vizcaya en la \u00e9poca colonial y su capital fue la villa de Durango. Su fundador, hacia el 8 de julio de 1563, fue Francisco de Ibarra, un joven conquistador de origen vasco, fomentando la agricultura y la cr\u00eda de animales. [3] El mestizaje que se dio entre los pobladores originarios y los espa\u00f1oles que arribaron ha derivado en que la gente de esa entidad federativa sea muy peculiar, un ejemplo de ello ser\u00edan Guadalupe Victoria, el primer presidente del M\u00e9xico independiente, Dolores del R\u00edo\u00a0y Andrea Palma, bellas actrices mexicanas de la primera mitad del siglo pasado, o el legendario jefe revolucionario, el Centauro del Norte, Francisco Villa.<\/p>\n<div id=\"attachment_5058\" style=\"width: 610px\" class=\"wp-caption aligncenter\"><img aria-describedby=\"caption-attachment-5058\" decoding=\"async\" loading=\"lazy\" class=\"size-full wp-image-5058\" alt=\"Dolores del R\u00edo. Nombre de Dios, mapa de la Nueva Vizcaya en 1668,ubicaci\u00f3n de Durango, documentos coloniales de Francisco de Ibarra [4]\" src=\"http:\/\/www.historiacocina.com\/es\/wp-content\/uploads\/2013\/03\/Durango01v.jpg\" width=\"600\" height=\"450\" srcset=\"https:\/\/www.historiacocina.com\/es\/wp-content\/uploads\/2013\/03\/Durango01v.jpg 600w, https:\/\/www.historiacocina.com\/es\/wp-content\/uploads\/2013\/03\/Durango01v-300x225.jpg 300w, https:\/\/www.historiacocina.com\/es\/wp-content\/uploads\/2013\/03\/Durango01v-400x300.jpg 400w\" sizes=\"(max-width: 600px) 100vw, 600px\" \/><p id=\"caption-attachment-5058\" class=\"wp-caption-text\">Dolores del R\u00edo. Nombre de Dios, mapa de la Nueva Vizcaya en 1668,<br \/>ubicaci\u00f3n de Durango, documentos coloniales de Francisco de Ibarra [4]<\/p><\/div>\n<p style=\"text-align: justify;\">En el Estado de Durango, adem\u00e1s de poder disfrutar de sus bellos paisajes y las construcciones coloniales como las de su ciudad capital, Victoria de Durango, o las de Nombre de Dios, se pueden degustar sus delicias gastron\u00f3micas como la chuina de los tepehuanos y mexicaneros. Sobre los tepehuanos, en la segunda mitad del siglo XVI, se dec\u00eda que:<\/p>\n<p style=\"text-align: justify;\"><em>Eran labradores casi todos y se sustentaban de ma\u00edz y otras semillas que cultivaban en sus peque\u00f1as sementeras. El vestido era el de otras naciones serranas, de mantas de algod\u00f3n que sembraban y pita que se daba en sus montes. Las casas eran de madera, o de piedra y barro, y sus poblaciones unas rancher\u00edas a modo de c\u00e1filas, cerca de aguajes, arroyos o r\u00edos.\u00a0<\/em>[5]<\/p>\n<div id=\"attachment_5060\" style=\"width: 410px\" class=\"wp-caption aligncenter\"><img aria-describedby=\"caption-attachment-5060\" decoding=\"async\" loading=\"lazy\" class=\"size-full wp-image-5060\" alt=\"Receta tepehuana de Jum\u2019man, chuina de ma\u00edz con chechalote [6]\" src=\"http:\/\/www.historiacocina.com\/es\/wp-content\/uploads\/2013\/03\/receta-1-1.jpg\" width=\"400\" height=\"507\" srcset=\"https:\/\/www.historiacocina.com\/es\/wp-content\/uploads\/2013\/03\/receta-1-1.jpg 400w, https:\/\/www.historiacocina.com\/es\/wp-content\/uploads\/2013\/03\/receta-1-1-236x300.jpg 236w\" sizes=\"(max-width: 400px) 100vw, 400px\" \/><p id=\"caption-attachment-5060\" class=\"wp-caption-text\">Receta tepehuana de Jum\u2019man, chuina de ma\u00edz con chechalote [6]<\/p><\/div>\n<p style=\"text-align: justify;\">Para los mexicaneros, la chuina es la comida ritual. Se prepara con carne de venado mezclada con masa de ma\u00edz, una especie de atole de carne de venado. [7] Alvarado Sol\u00eds se\u00f1ala que durante las ceremonias, el Mayor (mayordomo, cofrade) \u201cest\u00e1 encargado de alimentar el fuego, dirigir la danza de los hombres, colocar las ofrendas del altar e implorar durante el costumbre. La Mayora dirige las actividades en la cocina y la danza de las mujeres durante el costumbre.\u201d [8]<\/p>\n<p style=\"text-align: justify;\">Y claro est\u00e1 que si se trata de pueblos agricultores, como los cinco reci\u00e9n citados, el ma\u00edz ha sido desde siempre su cereal m\u00e1s importante con el que elaboran el pinole, el atole y el esquite. Este \u00faltimo es el grano de elote fresco fre\u00eddo en una peque\u00f1a porci\u00f3n de manteca y luego hervido con poca agua acompa\u00f1ado con chile verde picado y sal, y ac\u00e1 en el centro del pa\u00eds, con epazote, lim\u00f3n y chile piqu\u00edn. El comer la carne de venado nos recuerda que los tepehuanos, por ejemplo, fueron de los pueblos originarios que habitaron en los valles, llanos, quebradas y sierras del actual Estado de Durango, y se dedicaron, adem\u00e1s de la agricultura, a la caza, pesca y recolecci\u00f3n.<\/p>\n<p style=\"text-align: justify;\"><em>En las fiestas de Semana Santa o en los mitotes, los hombres llevan un porta flechas con su arco y se quitan los sombreros. Las mujeres contin\u00faan con su vestimenta [traje tradicional que consiste en coloridas blusas, faldas y mandiles de sat\u00edn decoradas con encajes y listones de colores, rebozo negro de encajes y zapatos de hule], pero tanto las los hombres como las mujeres mayordomos se decoran con coronas de papel china, llevando en los hombros una vara cargada con vainas de pinole.<\/em> [9]<\/p>\n<div id=\"attachment_5062\" style=\"width: 410px\" class=\"wp-caption aligncenter\"><img aria-describedby=\"caption-attachment-5062\" decoding=\"async\" loading=\"lazy\" class=\"size-full wp-image-5062\" alt=\"Kippi. Dulces de pinole con miel [10]\" src=\"http:\/\/www.historiacocina.com\/es\/wp-content\/uploads\/2013\/03\/receta-21.jpg\" width=\"400\" height=\"445\" srcset=\"https:\/\/www.historiacocina.com\/es\/wp-content\/uploads\/2013\/03\/receta-21.jpg 400w, https:\/\/www.historiacocina.com\/es\/wp-content\/uploads\/2013\/03\/receta-21-269x300.jpg 269w\" sizes=\"(max-width: 400px) 100vw, 400px\" \/><p id=\"caption-attachment-5062\" class=\"wp-caption-text\">Kippi. Dulces de pinole con miel [10]<\/p><\/div>\n<p style=\"text-align: justify;\">Los rar\u00e1muri cuando salen de caza corriendo llevan su bolsita de pinole y lo comen durante su recorrido. Cuando era ni\u00f1a y viv\u00eda en Chihuahua me encantaba ir a la tiendita de la esquina, como se le dice ac\u00e1 en M\u00e9xico a los abarrotes en los barrios, y comprar un cucurucho de pinole, entonces me lo devoraba, eso s\u00ed, de a poco para no ahogarme, por la gula que me provocaba. El cucurucho lo hac\u00edan con papel peri\u00f3dico, ahora ya no se ven para nada, el pl\u00e1stico lo ha invadido todo, igual que las minas a cielo abierto que amenazan, desafortunadamente, con destruir los sitios sagrados de estos pueblos ind\u00edgenas como el de Real de Catorce en donde los coras, tepehuanos y huicholes celebran sus rituales en su zona ceremonial, Wirikuta. \u201cEn la geograf\u00eda huichola, Wirikuta, el lugar de los dioses ancestrales, es el sitio donde se origina la vida sagrada de la tribu: all\u00ed crece el peyote que los huicholes, en peque\u00f1os grupos, recogen anualmente.\u201d \u00a0[11]<\/p>\n<div id=\"attachment_5064\" style=\"width: 410px\" class=\"wp-caption aligncenter\"><img aria-describedby=\"caption-attachment-5064\" decoding=\"async\" loading=\"lazy\" class=\"size-full wp-image-5064\" alt=\"Peyote [12]\" src=\"http:\/\/www.historiacocina.com\/es\/wp-content\/uploads\/2013\/03\/peyote.jpg\" width=\"400\" height=\"300\" srcset=\"https:\/\/www.historiacocina.com\/es\/wp-content\/uploads\/2013\/03\/peyote.jpg 400w, https:\/\/www.historiacocina.com\/es\/wp-content\/uploads\/2013\/03\/peyote-300x225.jpg 300w\" sizes=\"(max-width: 400px) 100vw, 400px\" \/><p id=\"caption-attachment-5064\" class=\"wp-caption-text\">Peyote [12]<\/p><\/div>\n<p style=\"text-align: justify;\">Cuando era estudiante de Etnohistoria, en una pr\u00e1ctica de campo en el norte del pa\u00eds, dos de mis compa\u00f1eros de estudios, que eran de la Ciudad de M\u00e9xico, se hicieron un licuado de peyote, realmente no sab\u00edan lo que hac\u00edan, y no me refiero a que seguramente no les qued\u00f3 nada sabroso por la combinaci\u00f3n de frutos y cacto que realizaron, sino porque no valoraron que el peyote es una cact\u00e1cea muy importante ya que es alucin\u00f3gena y se debe consumir con precauci\u00f3n, aparte de que es amargo por los alcaloides que contiene. Estaban como atolondrados y, ese d\u00eda, su presencia en el ejercicio de la pr\u00e1ctica fue desastrosa. Pero mejor a\u00f1ado la siguiente informaci\u00f3n sobre el peyote para que \u00e9ste quede bien ante los ojos del lector y con eso me despido hasta la pr\u00f3xima, pero s\u00f3lo con pinole, \u00bfeh?<\/p>\n<p style=\"text-align: justify;\"><em>Durante cientos de a\u00f1os los huicholes han frotado el peyote en las heridas para prevenir la infecci\u00f3n y promover la curaci\u00f3n. Se ha probado que la hordenina muestra una acci\u00f3n inhibitoria contra un espectro amplio de bacterias resistentes a la penicilina.<\/em><br \/>\n<em> El peyote tiene muchos usos en la medicina tradicional: para tratar la influenza, la artritis, la diabetes, los des\u00f3rdenes intestinales, la mordedura de serpiente, el piquete de escorpi\u00f3n y el envenenamiento por Datura.<\/em><br \/>\n<em> Los tarahumaras consumen cantidades peque\u00f1as de peyote para combatir el hambre, la sed y el agotamiento mientras van a cazar y cuando corren detr\u00e1s de un ciervo durante d\u00edas sin comida, agua o descanso alguno.<\/em> [13]<\/p>\n<hr style=\"width: 50%;\" width=\"50%\" \/>\n<p style=\"text-align: justify;\">[1] Arturo Guevara S\u00e1nchez, \u201cLa Ferrer\u00eda, Durango\u201d, pp. 54-57, en <i>Arqueolog\u00eda Mexicana. El Norte de M\u00e9xico<\/i>, Vol. IX, N\u00b0 51, M\u00e9xico, INAH-Editorial Ra\u00edces, septiembre-octubre 2001,pp. 54<\/p>\n<p style=\"text-align: justify;\">[2] Fotos obtenidas de: <a href=\"http:\/\/www.mnh.si.edu\/exhibits\/cycles\/tepehuanes_2.html\">http:\/\/www.mnh.si.edu\/exhibits\/cycles\/tepehuanes_2.html<\/a><\/p>\n<p style=\"text-align: justify;\"><a href=\"http:\/\/redescolar.ilce.edu.mx\/redescolar\/publicaciones\/publi_mexico\/images\/dura_03.gif\">http:\/\/redescolar.ilce.edu.mx\/redescolar\/publicaciones\/publi_mexico\/images\/dura_03.gif<\/a><\/p>\n<p style=\"text-align: justify;\"><a href=\"http:\/\/2.bp.blogspot.com\/_7uX3XQXJNPs\/Swsg2samjYI\/AAAAAAAAAAM\/grl1Q9hmq2o\/s1600\/coras038.jpg\">http:\/\/2.bp.blogspot.com\/_7uX3XQXJNPs\/Swsg2samjYI\/AAAAAAAAAAM\/grl1Q9hmq2o\/s1600\/coras038.jpg<\/a><\/p>\n<p style=\"text-align: justify;\"><a href=\"http:\/\/www.jornada.unam.mx\/2011\/03\/20\/estados\/026n1est\">http:\/\/www.jornada.unam.mx\/2011\/03\/20\/estados\/026n1est<\/a><\/p>\n<p style=\"text-align: justify;\"><a href=\"http:\/\/cronicanayarita.com.mx\/?p=7025\">http:\/\/cronicanayarita.com.mx\/?p=7025<\/a><\/p>\n<p style=\"text-align: justify;\"><a href=\"http:\/\/redescolar.ilce.edu.mx\/redescolar\/publicaciones\/publi_mexico\/publitarahumaras.htm\">http:\/\/redescolar.ilce.edu.mx\/redescolar\/publicaciones\/publi_mexico\/publitarahumaras.htm<\/a> (Consultados el 26 de marzo de 2013).<\/p>\n<p style=\"text-align: justify;\">[3] Enrique Florescano, \u00abColonizaci\u00f3n, ocupaci\u00f3n del suelo y \u00abfrontera\u00bb en el norte de la Nueva Espa\u00f1a, 1521-1750&#8243;, en <i>Tierras Nuevas<\/i>, M\u00e9xico, COLMEX, 1973, \u00a0p. 49.<\/p>\n<p style=\"text-align: justify;\">[4] <i>Somos. Dolores del R\u00edo, el rostro del cine mexicano<\/i>, A\u00f1o 5, N\u00b0 111, M\u00e9xico, Editorial Eres, enero de 1995, p. 92.<\/p>\n<p style=\"text-align: justify;\"><a href=\"http:\/\/pares.mcu.es\/ParesBusquedas\/servlets\/Control_servlet\">http:\/\/pares.mcu.es\/ParesBusquedas\/servlets\/Control_servlet<\/a> mapa de Nueva Vizcaya en 1668 (Consultado el 25 de marzo\u00a0 de 2013).<\/p>\n<p style=\"text-align: justify;\"><a href=\"http:\/\/pares.mcu.es\/ParesBusquedas\/servlets\/ImageServlet?accion=41&amp;txt_id_imagen=1&amp;txt_rotar=0&amp;txt_contraste=0&amp;txt_zoom=10&amp;appOrigen=&amp;cabecera=N\">http:\/\/pares.mcu.es\/ParesBusquedas\/servlets\/ImageServlet?accion=41&amp;txt_id_imagen=1&amp;txt_rotar=0&amp;txt_contraste=0&amp;txt_zoom=10&amp;appOrigen=&amp;cabecera=N<\/a> documento en el AGI (Consultado el 25 de marzo\u00a0 de 2013).<\/p>\n<p style=\"text-align: justify;\"><a href=\"http:\/\/pares.mcu.es\/ParesBusquedas\/servlets\/ImageServlet?accion=41&amp;txt_id_imagen=2&amp;txt_rotar=0&amp;txt_contraste=0&amp;txt_zoom=10&amp;appOrigen=&amp;cabecera=N\">http:\/\/pares.mcu.es\/ParesBusquedas\/servlets\/ImageServlet?accion=41&amp;txt_id_imagen=2&amp;txt_rotar=0&amp;txt_contraste=0&amp;txt_zoom=10&amp;appOrigen=&amp;cabecera=N<\/a> documento en el AGI (Consultado el 25 de marzo\u00a0 de 2013).<\/p>\n<p style=\"text-align: justify;\"><a href=\"http:\/\/mw2.google.com\/mw-panoramio\/photos\/medium\/8854216.jpg\">http:\/\/mw2.google.com\/mw-panoramio\/photos\/medium\/8854216.jpg<\/a> foto de Nombre de Dios (26 de marzo de 2013).<\/p>\n<p style=\"text-align: justify;\"><a href=\"http:\/\/i2.esmas.com\/2008\/06\/05\/1314\/mapa-durango-619x348.jpg\">http:\/\/i2.esmas.com\/2008\/06\/05\/1314\/mapa-durango-619&#215;348.jpg<\/a> foto mapa Durango (Consultado el 26 de marzo de 2013).<\/p>\n<p style=\"text-align: justify;\">[5] Alfonso Trueba, <i>Cabalgata heroica. Misioneros jesuitas en el Noroeste<\/i>, Colecci\u00f3n Figuras y episodios de la historia de M\u00e9xico, N\u00b0 21, A\u00f1o II, M\u00e9xico, Editorial Campeador-Jus, 1955,p. 60.<\/p>\n<p style=\"text-align: justify;\">[6] Josefina Rivas Vega et al., compilaci\u00f3n, <i>Recetario tepehuano de Chihuahua y Durango<\/i>, Cocina Ind\u00edgena y popular, N\u00b0 53, M\u00e9xico, Conaculta, 2000, p. 78.<\/p>\n<p style=\"text-align: justify;\">[7] Neyra Patricia Alvarado Sol\u00eds, <i>Mexicaneros. Pueblos ind\u00edgenas del M\u00e9xico contempor\u00e1neo<\/i>, M\u00e9xico, CDI, 2007, p. 13.<\/p>\n<p style=\"text-align: justify;\">[8] Neyra Patricia Alvarado Sol\u00eds, \u201cLa concepci\u00f3n espacio-temporal en los rituales mexicaneros\u201d, pp. 219-236, en Carlos Bonfiglioli, Arturo Guti\u00e9rrez, Mar\u00eda Eugenia Olavarr\u00eda, editores, <i>Las v\u00edas del noroeste I: una\u00a0 macrorregi\u00f3n ind\u00edgena americana<\/i>, M\u00e9xico, IIA-UNAM, 2006, p. 227.<\/p>\n<p style=\"text-align: justify;\">[9] Ricardo Garc\u00eda L\u00f3pez, \u201cDurango\u201d, pp. 19-24, en Josefina Rivas Vega et al., compilaci\u00f3n, <i>Recetario tepehuano de Chihuahua y Durango<\/i>, Cocina Ind\u00edgena y popular, N\u00b0 53, M\u00e9xico, Conaculta, 2000, pp. 21-22.<\/p>\n<p style=\"text-align: justify;\">[10] Josefina Rivas Vega et al., compilaci\u00f3n, <i>Recetario tepehuano de Chihuahua y Durango<\/i>, Cocina Ind\u00edgena y popular, N\u00b0 53, M\u00e9xico, Conaculta, 2000, p. 88.<\/p>\n<p style=\"text-align: justify;\">[11] A. Batis y M. Rojas, \u201cEl peyote y otros cactos alucin\u00f3genos de M\u00e9xico\u201d, pp. 12-17, en CONABIO, <i>Biodiversitas <\/i>40, 2002, p. 15.<\/p>\n<p style=\"text-align: justify;\">[12] <i>Ibid.<\/i>, p. 12.<\/p>\n<p style=\"text-align: justify;\">[13] <i>Ibid.<\/i>, p. 14.<\/p>\n<p align=\"center\"><b>Bibliograf\u00eda y fuentes electr\u00f3nicas consultadas<\/b><\/p>\n<p>Alvarado Sol\u00eds, Neyra Patricia, \u201cLa concepci\u00f3n espacio-temporal en los rituales mexicaneros\u201d, pp. 219-236, en Carlos Bonfiglioli, Arturo Guti\u00e9rrez, Mar\u00eda Eugenia Olavarr\u00eda, editores, <i>Las v\u00edas del noroeste I: una\u00a0 macrorregi\u00f3n ind\u00edgena americana<\/i>, M\u00e9xico, IIA-UNAM, 2006.<\/p>\n<p>Alvarado Sol\u00eds, Neyra Patricia, <i>Mexicaneros. Pueblos ind\u00edgenas del M\u00e9xico contempor\u00e1neo<\/i>, M\u00e9xico, CDI, 2007.<\/p>\n<p>AAVV, <i>Somos. Dolores del R\u00edo, el rostro del cine mexicano<\/i>, A\u00f1o 5, N\u00b0 111, M\u00e9xico, Editorial Eres, enero de 1995.<\/p>\n<p>Batis, A. \u00a0y M. Rojas, \u201cEl peyote y otros cactos alucin\u00f3genos de M\u00e9xico\u201d, pp. 12-17, en CONABIO, <i>Biodiversitas <\/i>40, 2002, p. 15.<\/p>\n<p>Florescano, Enrique, \u00abColonizaci\u00f3n, ocupaci\u00f3n del suelo y \u00abfrontera\u00bb en el norte de la Nueva Espa\u00f1a, 1521-1750&#8243;, en <i>Tierras Nuevas<\/i>, M\u00e9xico, COLMEX, 1973.<\/p>\n<p>Garc\u00eda L\u00f3pez, Ricardo, \u201cDurango\u201d, pp. 19-24, en Josefina Rivas Vega et al., compilaci\u00f3n, <i>Recetario tepehuano de Chihuahua y Durango<\/i>, Cocina Ind\u00edgena y popular, N\u00b0 53, M\u00e9xico, Conaculta, 2000.<\/p>\n<p>Guevara S\u00e1nchez, Arturo, \u201cLa Ferrer\u00eda, Durango\u201d, pp. 54-57, en <i>Arqueolog\u00eda Mexicana. El Norte de M\u00e9xico<\/i>, Vol. IX, N\u00b0 51, M\u00e9xico, INAH-Editorial Ra\u00edces, septiembre-octubre 2001.<\/p>\n<p>Rivas Vega, Josefina et al., compilaci\u00f3n, <i>Recetario tepehuano de Chihuahua y Durango<\/i>, Cocina Ind\u00edgena y popular, N\u00b0 53, M\u00e9xico, Conaculta, 2000.<\/p>\n<p>Trueba, Alfonso, <i>Cabalgata heroica. Misioneros jesuitas en el Noroeste<\/i>, Colecci\u00f3n Figuras y episodios de la historia de M\u00e9xico, N\u00b0 21, A\u00f1o II, M\u00e9xico, Editorial Campeador-Jus, 1955.<\/p>\n<p><a href=\"http:\/\/pares.mcu.es\/ParesBusquedas\/servlets\/Control_servlet\">http:\/\/pares.mcu.es\/ParesBusquedas\/servlets\/Control_servlet<\/a> mapa de Nueva Vizcaya en 1668.<\/p>\n<p><a href=\"http:\/\/pares.mcu.es\/ParesBusquedas\/servlets\/ImageServlet?accion=41&amp;txt_id_imagen=1&amp;txt_rotar=0&amp;txt_contraste=0&amp;txt_zoom=10&amp;appOrigen=&amp;cabecera=N\">http:\/\/pares.mcu.es\/ParesBusquedas\/servlets\/ImageServlet?accion=41&amp;txt_id_imagen=1&amp;txt_rotar=0&amp;txt_contraste=0&amp;txt_zoom=10&amp;appOrigen=&amp;cabecera=N<\/a> documento en el AGI.<\/p>\n<p><a href=\"http:\/\/pares.mcu.es\/ParesBusquedas\/servlets\/ImageServlet?accion=41&amp;txt_id_imagen=2&amp;txt_rotar=0&amp;txt_contraste=0&amp;txt_zoom=10&amp;appOrigen=&amp;cabecera=N\">http:\/\/pares.mcu.es\/ParesBusquedas\/servlets\/ImageServlet?accion=41&amp;txt_id_imagen=2&amp;txt_rotar=0&amp;txt_contraste=0&amp;txt_zoom=10&amp;appOrigen=&amp;cabecera=N<\/a> documento en el AGI (Consultados el 25 de marzo\u00a0 de 2013).<\/p>\n<p><a href=\"http:\/\/www.mnh.si.edu\/exhibits\/cycles\/tepehuanes_2.html\">http:\/\/www.mnh.si.edu\/exhibits\/cycles\/tepehuanes_2.html<\/a><\/p>\n<p><a href=\"http:\/\/redescolar.ilce.edu.mx\/redescolar\/publicaciones\/publi_mexico\/images\/dura_03.gif\">http:\/\/redescolar.ilce.edu.mx\/redescolar\/publicaciones\/publi_mexico\/images\/dura_03.gif<\/a><\/p>\n<p><a href=\"http:\/\/2.bp.blogspot.com\/_7uX3XQXJNPs\/Swsg2samjYI\/AAAAAAAAAAM\/grl1Q9hmq2o\/s1600\/coras038.jpg\">http:\/\/2.bp.blogspot.com\/_7uX3XQXJNPs\/Swsg2samjYI\/AAAAAAAAAAM\/grl1Q9hmq2o\/s1600\/coras038.jpg<\/a><\/p>\n<p><a href=\"http:\/\/www.jornada.unam.mx\/2011\/03\/20\/estados\/026n1est\">http:\/\/www.jornada.unam.mx\/2011\/03\/20\/estados\/026n1est<\/a><\/p>\n<p><a href=\"http:\/\/cronicanayarita.com.mx\/?p=7025\">http:\/\/cronicanayarita.com.mx\/?p=7025<\/a><\/p>\n<p><a href=\"http:\/\/redescolar.ilce.edu.mx\/redescolar\/publicaciones\/publi_mexico\/publitarahumaras.htm\">http:\/\/redescolar.ilce.edu.mx\/redescolar\/publicaciones\/publi_mexico\/publitarahumaras.htm<\/a><\/p>\n<p><a href=\"http:\/\/mw2.google.com\/mw-panoramio\/photos\/medium\/8854216.jpg\">http:\/\/mw2.google.com\/mw-panoramio\/photos\/medium\/8854216.jpg<\/a> foto de Nombre de Dios.<\/p>\n<p><a href=\"http:\/\/i2.esmas.com\/2008\/06\/05\/1314\/mapa-durango-619x348.jpg\">http:\/\/i2.esmas.com\/2008\/06\/05\/1314\/mapa-durango-619&#215;348.jpg<\/a> foto mapa Durango. (Consultados el 26 de marzo de 2013).<\/p>\n<p>&nbsp;<br \/>\n<script type=\"text\/javascript\">\/\/ <![CDATA[\nvar _gaq = _gaq || [];   _gaq.push(['_setAccount', 'UA-31227422-1']);   _gaq.push(['_trackPageview']);   (function() {     var ga = document.createElement('script'); ga.type = 'text\/javascript'; ga.async = true;     ga.src = ('https:' == document.location.protocol ? 'https:\/\/ssl' : 'http:\/\/www') + '.google-analytics.com\/ga.js';     var s = document.getElementsByTagName('script')[0]; s.parentNode.insertBefore(ga, s);   })();\n\/\/ ]]><\/script><\/p>\n","protected":false},"excerpt":{"rendered":"<p>Hace a\u00f1os, en camino desde Chihuahua hacia la ciudad de Puebla, nos detuvimos con mis padres y hermanos en Chupaderos, un pueblito muy peculiar del Estado de Durango, y es que era uno de los lugares en donde se filmaban &hellip; <a href=\"https:\/\/www.historiacocina.com\/es\/un-breve-comentario-sobre-la-cocina-indigena-en-durango\">Sigue leyendo <span class=\"meta-nav\">&rarr;<\/span><\/a><\/p>\n","protected":false},"author":4,"featured_media":0,"comment_status":"open","ping_status":"closed","sticky":false,"template":"","format":"standard","meta":{"_mi_skip_tracking":false,"_exactmetrics_sitenote_active":false,"_exactmetrics_sitenote_note":"","_exactmetrics_sitenote_category":0},"categories":[87,71,93,85],"tags":[451,450,452,455,28,456,10,454,453],"aioseo_notices":[],"jetpack_featured_media_url":"","_links":{"self":[{"href":"https:\/\/www.historiacocina.com\/es\/wp-json\/wp\/v2\/posts\/5031"}],"collection":[{"href":"https:\/\/www.historiacocina.com\/es\/wp-json\/wp\/v2\/posts"}],"about":[{"href":"https:\/\/www.historiacocina.com\/es\/wp-json\/wp\/v2\/types\/post"}],"author":[{"embeddable":true,"href":"https:\/\/www.historiacocina.com\/es\/wp-json\/wp\/v2\/users\/4"}],"replies":[{"embeddable":true,"href":"https:\/\/www.historiacocina.com\/es\/wp-json\/wp\/v2\/comments?post=5031"}],"version-history":[{"count":26,"href":"https:\/\/www.historiacocina.com\/es\/wp-json\/wp\/v2\/posts\/5031\/revisions"}],"predecessor-version":[{"id":5067,"href":"https:\/\/www.historiacocina.com\/es\/wp-json\/wp\/v2\/posts\/5031\/revisions\/5067"}],"wp:attachment":[{"href":"https:\/\/www.historiacocina.com\/es\/wp-json\/wp\/v2\/media?parent=5031"}],"wp:term":[{"taxonomy":"category","embeddable":true,"href":"https:\/\/www.historiacocina.com\/es\/wp-json\/wp\/v2\/categories?post=5031"},{"taxonomy":"post_tag","embeddable":true,"href":"https:\/\/www.historiacocina.com\/es\/wp-json\/wp\/v2\/tags?post=5031"}],"curies":[{"name":"wp","href":"https:\/\/api.w.org\/{rel}","templated":true}]}}