{"id":5289,"date":"2013-06-03T19:32:24","date_gmt":"2013-06-03T17:32:24","guid":{"rendered":"http:\/\/www.historiacocina.com\/es\/?p=5289"},"modified":"2013-06-03T19:32:24","modified_gmt":"2013-06-03T17:32:24","slug":"cursos-de-verano-en-la-universidad-de-cadiz","status":"publish","type":"post","link":"https:\/\/www.historiacocina.com\/es\/cursos-de-verano-en-la-universidad-de-cadiz","title":{"rendered":"Cursos de verano en la Universidad de C\u00e1diz"},"content":{"rendered":"<p><a href=\"http:\/\/celama.uca.es\/64cv\/seminarios\/b03\/\"><img decoding=\"async\" loading=\"lazy\" class=\"aligncenter size-full wp-image-5290\" alt=\"conferenciacadiz\" src=\"http:\/\/www.historiacocina.com\/es\/wp-content\/uploads\/2013\/06\/conferenciacadiz.jpg\" width=\"908\" height=\"478\" srcset=\"https:\/\/www.historiacocina.com\/es\/wp-content\/uploads\/2013\/06\/conferenciacadiz.jpg 908w, https:\/\/www.historiacocina.com\/es\/wp-content\/uploads\/2013\/06\/conferenciacadiz-300x157.jpg 300w, https:\/\/www.historiacocina.com\/es\/wp-content\/uploads\/2013\/06\/conferenciacadiz-500x263.jpg 500w\" sizes=\"(max-width: 908px) 100vw, 908px\" \/><\/a><\/p>\n<p style=\"text-align: justify;\">La Universidad de C\u00e1diz por medio de su Vicerrectorado de Proyecci\u00f3n Social, Cultural e Internacional y Direcci\u00f3n General de Infraestructuras y Tecnolog\u00edas de la Informaci\u00f3n, bajo la coordinaci\u00f3n de Alberto Ramos Santana, Catedr\u00e1tico de Universidad de Historia Contempor\u00e1nea, \u00a0impartir\u00e1 entre los d\u00edas 1 y 3 de julio de 2013 una serie de conferencias bajo el lema \u2018<i>Caf\u00e9, copa, chocolate y puro. La sobremesa en la cultura popular espa\u00f1ola<\/i>\u2019, en la que intervendr\u00e1 nuestro compa\u00f1ero Carlos Azcoytia, el d\u00eda 1 de julio, con la ponencia \u2018<i>El caf\u00e9, los caf\u00e9s, su historia y la influencia en los cambios sociol\u00f3gicos europeos<\/i>\u2019.<\/p>\n<p style=\"text-align: justify;\">Para ver programa e inscripci\u00f3n <a href=\"http:\/\/celama.uca.es\/64cv\/seminarios\/b03\/\" target=\"_blank\">presione aqu\u00ed<\/a><\/p>\n","protected":false},"excerpt":{"rendered":"<p>La Universidad de C\u00e1diz por medio de su Vicerrectorado de Proyecci\u00f3n Social, Cultural e Internacional y Direcci\u00f3n General de Infraestructuras y Tecnolog\u00edas de la Informaci\u00f3n, bajo la coordinaci\u00f3n de Alberto Ramos Santana, Catedr\u00e1tico de Universidad de Historia Contempor\u00e1nea, \u00a0impartir\u00e1 entre &hellip; <a href=\"https:\/\/www.historiacocina.com\/es\/cursos-de-verano-en-la-universidad-de-cadiz\">Sigue leyendo <span class=\"meta-nav\">&rarr;<\/span><\/a><\/p>\n","protected":false},"author":1,"featured_media":0,"comment_status":"closed","ping_status":"closed","sticky":false,"template":"","format":"standard","meta":{"_mi_skip_tracking":false,"_exactmetrics_sitenote_active":false,"_exactmetrics_sitenote_note":"","_exactmetrics_sitenote_category":0},"categories":[1],"tags":[485,484],"aioseo_notices":[],"jetpack_featured_media_url":"","_links":{"self":[{"href":"https:\/\/www.historiacocina.com\/es\/wp-json\/wp\/v2\/posts\/5289"}],"collection":[{"href":"https:\/\/www.historiacocina.com\/es\/wp-json\/wp\/v2\/posts"}],"about":[{"href":"https:\/\/www.historiacocina.com\/es\/wp-json\/wp\/v2\/types\/post"}],"author":[{"embeddable":true,"href":"https:\/\/www.historiacocina.com\/es\/wp-json\/wp\/v2\/users\/1"}],"replies":[{"embeddable":true,"href":"https:\/\/www.historiacocina.com\/es\/wp-json\/wp\/v2\/comments?post=5289"}],"version-history":[{"count":2,"href":"https:\/\/www.historiacocina.com\/es\/wp-json\/wp\/v2\/posts\/5289\/revisions"}],"predecessor-version":[{"id":5292,"href":"https:\/\/www.historiacocina.com\/es\/wp-json\/wp\/v2\/posts\/5289\/revisions\/5292"}],"wp:attachment":[{"href":"https:\/\/www.historiacocina.com\/es\/wp-json\/wp\/v2\/media?parent=5289"}],"wp:term":[{"taxonomy":"category","embeddable":true,"href":"https:\/\/www.historiacocina.com\/es\/wp-json\/wp\/v2\/categories?post=5289"},{"taxonomy":"post_tag","embeddable":true,"href":"https:\/\/www.historiacocina.com\/es\/wp-json\/wp\/v2\/tags?post=5289"}],"curies":[{"name":"wp","href":"https:\/\/api.w.org\/{rel}","templated":true}]}}