{"id":5649,"date":"2013-09-14T13:59:08","date_gmt":"2013-09-14T11:59:08","guid":{"rendered":"http:\/\/www.historiacocina.com\/es\/?p=5649"},"modified":"2013-09-14T17:54:14","modified_gmt":"2013-09-14T15:54:14","slug":"la-comida-regional-de-colima","status":"publish","type":"post","link":"https:\/\/www.historiacocina.com\/es\/la-comida-regional-de-colima","title":{"rendered":"Historia de la comida regional de Colima, M\u00e9xico"},"content":{"rendered":"<p style=\"text-align: right;\"><strong><span style=\"font-size: x-small; color: #800000;\">&lt;Quisiera ser pescadito (\u2026) para alcanzar\u00a0 esa barca donde se embarc\u00f3 mi amor&gt;<\/span><\/strong><\/p>\n<p style=\"text-align: right;\"><strong><span style=\"font-size: x-small; color: #800000;\"> Son de La Higuera [1]<\/span><\/strong><\/p>\n<p style=\"text-align: justify;\"><a href=\"https:\/\/www.historiacocina.com\/es\/somos-2\/martha-delfin\"><img decoding=\"async\" loading=\"lazy\" class=\"alignleft size-full wp-image-2179\" alt=\"Martha Delfin Guillaumin\" src=\"http:\/\/www.historiacocina.com\/es\/wp-content\/uploads\/2012\/05\/marthartic.jpg\" width=\"100\" height=\"102\" \/><\/a>Colima es una provincia mexicana muy bella, en particular, al visitante pueden llamarle la atenci\u00f3n las buganvilias y sus diversos colores, sobre todo las claritas que parecen de terciopelo. Tambi\u00e9n gozar\u00e1 de la vista de sus volcanes y monta\u00f1as, como el Volc\u00e1n de Colima que es famoso porque todav\u00eda est\u00e1 activo. De igual forma podr\u00e1 disfrutar de las playas del Pac\u00edfico como la de Manzanillo o la de Cuyutl\u00e1n que tiene un campamento ecol\u00f3gico tortuguero.<\/p>\n<p style=\"text-align: justify;\">La Colima prehisp\u00e1nica forma parte de la Culturas del Occidente de M\u00e9xico. Se halla entre su riqueza patrimonial a la cer\u00e1mica de los perritos de barro que es tan peculiar porque los representa de una manera muy graciosa, gorditos de la panza, a veces sosteniendo una mazorca de ma\u00edz en el hocico. En ese entonces se cre\u00eda que los perros eran los acompa\u00f1antes de las personas muertas para llegar a su destino, pero igual formaban parte de la dieta de los vivos, como ya lo hemos comentado en otro de nuestros escritos de esta revista.<!--more--><\/p>\n<div id=\"attachment_5721\" style=\"width: 610px\" class=\"wp-caption aligncenter\"><img aria-describedby=\"caption-attachment-5721\" decoding=\"async\" loading=\"lazy\" class=\"size-full wp-image-5721\" alt=\"Culturas Prehisp\u00e1nicas del Occidente de M\u00e9xico\" src=\"http:\/\/www.historiacocina.com\/es\/wp-content\/uploads\/2013\/09\/Colima-prehisp\u00e1nica-2013-1.jpg\" width=\"600\" height=\"450\" srcset=\"https:\/\/www.historiacocina.com\/es\/wp-content\/uploads\/2013\/09\/Colima-prehisp\u00e1nica-2013-1.jpg 600w, https:\/\/www.historiacocina.com\/es\/wp-content\/uploads\/2013\/09\/Colima-prehisp\u00e1nica-2013-1-300x225.jpg 300w, https:\/\/www.historiacocina.com\/es\/wp-content\/uploads\/2013\/09\/Colima-prehisp\u00e1nica-2013-1-400x300.jpg 400w\" sizes=\"(max-width: 600px) 100vw, 600px\" \/><p id=\"caption-attachment-5721\" class=\"wp-caption-text\">Culturas Prehisp\u00e1nicas del Occidente de M\u00e9xico<\/p><\/div>\n<p style=\"text-align: justify;\">Adem\u00e1s de embelesarse con los sitios como el Palacio de Gobierno de estilo neocl\u00e1sico o la Catedral de Colima, se puede disfrutar de la rica comida que en esa entidad federativa se prepara. Si bien es dif\u00edcil encontrar textos que nos ilustren sobre los platillos de Colima, es preciso rescatar la informaci\u00f3n que nos brindan algunas fuentes, como el escrito de Jean Meyer sobre la guerra cristera en Colima en 1926-1929 en donde aparece citada la siguiente informaci\u00f3n:<\/p>\n<p style=\"text-align: justify;\"><em>Arrimados a una corriente de agua, o rodeados de una huerta que a veces es de alguna importancia, pl\u00e1tano, guayaba, caf\u00e9, etc\u00e9tera, que los interesados riegan por medio de tomas miniatura que les permitan llevar el agua por zanjas que se antojan de juguete, a humedecer la tierra de aquel solar, y no es dif\u00edcil encontrar tambi\u00e9n muchos cajones de abejas que con sus cosechas de cera y miel, ayudan a sus due\u00f1os a pasar la vida. <\/em>[2]<\/p>\n<p style=\"text-align: justify;\">Esperanza Salazar Zenil y Gabriel Mart\u00ednez Campos en su Recetario colimense de la iguana comentan que la comida regional de Colima tiene una fusi\u00f3n interesante de lo espa\u00f1ol y lo ind\u00edgena, es decir, lo mestizo, sumado a lo que se incorpor\u00f3 tras la llegada de ingleses, alemanes, franceses, estadounidenses y chinos a M\u00e9xico durante el siglo XIX, es decir, una variedad de mezclas, procedimientos y presentaciones de guisos, sopas, postres y bebidas. Estos autores nos dicen que:<\/p>\n<p style=\"text-align: justify;\"><em>La cocina colimota es abundante y muy diversa debido a que nuestro territorio, aunque peque\u00f1o, contiene una gran variedad de suelos, humedad y temperaturas en dos \u00e1reas principales: el marino, con un importante volumen de recursos de flora y fauna, y el terrestre, que une la costa con el volc\u00e1n en una l\u00ednea recta menor de 100 km y que va en un rango altitudinal de 0 hasta 4000 m sobre el nivel del mar, generando un rico potencial de ecosistemas en manglares, selvas y bosques. En consecuencia, la gran variedad de flora y fauna silvestre ha provocado que la cocina popular y tradicional colimota tenga en su acervo platillos que en otras regiones del pa\u00eds son considerados como ex\u00f3ticos o, inclusive, que han desaparecido.<\/em>\u00a0[3]<\/p>\n<div id=\"attachment_5722\" style=\"width: 610px\" class=\"wp-caption aligncenter\"><img aria-describedby=\"caption-attachment-5722\" decoding=\"async\" loading=\"lazy\" class=\"size-full wp-image-5722\" alt=\"Colima, vida y naturaleza\" src=\"http:\/\/www.historiacocina.com\/es\/wp-content\/uploads\/2013\/09\/Colima-iguana-buganvilia-2.jpg\" width=\"600\" height=\"450\" srcset=\"https:\/\/www.historiacocina.com\/es\/wp-content\/uploads\/2013\/09\/Colima-iguana-buganvilia-2.jpg 600w, https:\/\/www.historiacocina.com\/es\/wp-content\/uploads\/2013\/09\/Colima-iguana-buganvilia-2-300x225.jpg 300w, https:\/\/www.historiacocina.com\/es\/wp-content\/uploads\/2013\/09\/Colima-iguana-buganvilia-2-400x300.jpg 400w\" sizes=\"(max-width: 600px) 100vw, 600px\" \/><p id=\"caption-attachment-5722\" class=\"wp-caption-text\">Colima, vida y naturaleza<\/p><\/div>\n<p style=\"text-align: justify;\">Entre estos guisos ex\u00f3ticos tenemos los preparados con las iguanas, animales comestibles que, seg\u00fan Salazar y Mart\u00ednez, \u201chan sido importantes recursos para la nutrici\u00f3n, as\u00ed como para la curaci\u00f3n de muchos problemas de salud en la regi\u00f3n y, por generaciones, el consumo de estos reptiles ha sido parte de la dieta de los habitantes de Colima y pueblos vecinos de la costa del Pac\u00edfico de M\u00e9xico.\u201d\u00a0[4] A esto habr\u00eda que sumarle los sones y canciones que tienen como protagonista a la iguana como esa que dice: \u00a1Ay, ay, ay, ay, ay, ay! Qu\u00e9 iguana tan fea que se sube al palo y se zarandea. Pone sus huevitos y luego se apea, se mete al hoyito para que no le vean. Y s\u00ed, la iguana es como un drag\u00f3n negro o amarillo con escamas, largo como un brazo, \u201cespantable a la vista\u201d seg\u00fan fray Bernardino de Sahag\u00fan, cronista franciscano del siglo XVI, pero \u201cno tiene ponzo\u00f1a, ni hace mal, antes es bueno de comer\u201d.\u00a0[5]<\/p>\n<p style=\"text-align: justify;\">En otro orden de cosas vale comentar que en octubre del 2012 se celebr\u00f3 el II Encuentro Regional de Cocina Tradicional y Popular en Puerto Vallarta, Jalisco, en el que participaron varias cocineras de Colima para representar a esa entidad. Entre los platillos colimenses se ofrecieron:<\/p>\n<p style=\"text-align: justify;\"><em>costillas enchilada, frijoles do\u00f1a Rosa, birria mixta, frijoles puercos, pollo o iguana estilo Tecom\u00e1n, sopes gordos, pollo en huerto, arroz con pimiento, costilla de cerdo en salsa de durazno, lomo en salsa de caf\u00e9 de mojo, pollo al cacahuate, tamales rojos y verdes, adem\u00e1s de bebidas como la tuba, el tejuino [tesg\u00fcino, bebida fermentada hecha con ma\u00edz], atole, agua de carambolo con pi\u00f1a, carambolo con zarzamora, pepino con lim\u00f3n, chan con lim\u00f3n, avena, arroz, tacos de venado, tlacuache, medallones en salsa de cacahuate, birria tatemada, pescado zarandeado, empanada de camar\u00f3n, ceviche, mole y pozole. <\/em>[6]<\/p>\n<p style=\"text-align: justify;\">Puedo presumir que yo he podido disfrutar del pescado zarandeado en Sinaloa, que al igual que Colima forma parte de las Culturas de Occidente. Es un pescado a las brasas, pero envuelto en papel aluminio o por un par de rejillas para que se cocine de forma adecuada por los dos lados. El pescado, al que se le deja la piel y es cortado a la mitad, ha sido previamente untado con un juguito aderezado que puede llevar aceite de oliva, vinagre, perejil y ajos picados, tomate rojo o verde, chile picante y sal que le da un sabor exquisito. Al servirse se puede rociar con m\u00e1s salsa preparada y adornar con gajos de lim\u00f3n y cebolla cortada en c\u00edrculos.<\/p>\n<div id=\"attachment_5723\" style=\"width: 610px\" class=\"wp-caption aligncenter\"><img aria-describedby=\"caption-attachment-5723\" decoding=\"async\" loading=\"lazy\" class=\"size-full wp-image-5723\" alt=\"Comida regional de Colima. II Encuentro Regional de Cocina Tradicional y Popular\" src=\"http:\/\/www.historiacocina.com\/es\/wp-content\/uploads\/2013\/09\/Comida-de-Colima-2012-3.jpg\" width=\"600\" height=\"451\" srcset=\"https:\/\/www.historiacocina.com\/es\/wp-content\/uploads\/2013\/09\/Comida-de-Colima-2012-3.jpg 600w, https:\/\/www.historiacocina.com\/es\/wp-content\/uploads\/2013\/09\/Comida-de-Colima-2012-3-300x225.jpg 300w, https:\/\/www.historiacocina.com\/es\/wp-content\/uploads\/2013\/09\/Comida-de-Colima-2012-3-399x300.jpg 399w\" sizes=\"(max-width: 600px) 100vw, 600px\" \/><p id=\"caption-attachment-5723\" class=\"wp-caption-text\">Comida regional de Colima.<br \/>II Encuentro Regional de Cocina Tradicional y Popular<\/p><\/div>\n<p style=\"text-align: justify;\">Para concluir este escrito voy a citar la receta de iguana con naranja, la cual forma parte del mestizaje gastron\u00f3mico mexicano, es decir, un fruto y una especia de origen asi\u00e1tico, por cierto, tra\u00eddos por los espa\u00f1oles, y un reptil comestible de estas tierras:<\/p>\n<p style=\"text-align: justify;\"><strong><em>IGUANA A LA NARANJA<\/em><\/strong><\/p>\n<p style=\"text-align: justify;\"><em>INGREDIENTES:<\/em><br \/>\n<em> 1 iguana mediana<\/em><br \/>\n<em> 1 \u00bd tazas de jugo de naranja<\/em><br \/>\n<em> 2 naranjas en gajos<\/em><br \/>\n<em> 2 pimientos morrones verdes<\/em><br \/>\n<em> \u00bc de margarina para fre\u00edr<\/em><br \/>\n<em> sal y pimienta al gusto<\/em><\/p>\n<p style=\"text-align: justify;\"><em>PREPARACI\u00d3N:<\/em><\/p>\n<p style=\"text-align: justify;\"><em>La iguana se pela, se lava y se corta en pedazos; se pone a cocer con poca agua y sal.<\/em><br \/>\n<em> Se escurre y fr\u00ede en margarina, se le agrega el jugo de naranja y los pimientos morrones verdes en rajas y se deja a fuego lento por 10 minutos.<\/em><br \/>\n<em> Se sirve adornando con los gajos de las naranjas.<\/em>\u00a0[7]<\/p>\n<div id=\"attachment_5719\" style=\"width: 492px\" class=\"wp-caption alignright\"><img aria-describedby=\"caption-attachment-5719\" decoding=\"async\" loading=\"lazy\" class=\"size-full wp-image-5719\" alt=\"Im\u00e1genes de iguanas entre las que se observa la de una peque\u00f1a estatua que la representa esculpida en piedra de Xochicalco, M\u00e9xico.\" src=\"http:\/\/www.historiacocina.com\/es\/wp-content\/uploads\/2013\/09\/Iguana-Xochicalco-Colima-Colombia-.jpg\" width=\"482\" height=\"362\" srcset=\"https:\/\/www.historiacocina.com\/es\/wp-content\/uploads\/2013\/09\/Iguana-Xochicalco-Colima-Colombia-.jpg 482w, https:\/\/www.historiacocina.com\/es\/wp-content\/uploads\/2013\/09\/Iguana-Xochicalco-Colima-Colombia--300x225.jpg 300w, https:\/\/www.historiacocina.com\/es\/wp-content\/uploads\/2013\/09\/Iguana-Xochicalco-Colima-Colombia--399x300.jpg 399w\" sizes=\"(max-width: 482px) 100vw, 482px\" \/><p id=\"caption-attachment-5719\" class=\"wp-caption-text\">Im\u00e1genes de iguanas entre las que se observa la de<br \/>una peque\u00f1a estatua que la representa<br \/>esculpida en piedra de Xochicalco, M\u00e9xico.<\/p><\/div>\n<hr style=\"width: 50%;\" width=\"50%\" \/>\n<p style=\"text-align: justify;\">[1] David Oseguera, \u201cEl son en Colima. Indicios de la regi\u00f3n y la identidad regional\u201d, ponencia, 2\u00ba Congreso Internacional Pre-ALASRU 2012, <i>Diversidad y contrastes en los procesos rurales en el centro de M\u00e9xico<\/i>, Cuernavaca, Morelos, M\u00e9xico, septiembre de 2012, p. 8.<\/p>\n<p style=\"text-align: justify;\">[2] Virginio Garc\u00eda, <i>Mosaico colimense<\/i>, Colima, s. e., 1972, p. 82, <i>apud<\/i> Jean Meyer, \u201cColima en la Cristiada\u201d en <i>Estudios de Historia Moderna y Contempor\u00e1nea de M\u00e9xico<\/i>, \u00c1lvaro Matute (editor), Ricardo S\u00e1nchez Flores (editor asociado), M\u00e9xico, UNAM-IIH, 1993, Volumen 16, Documento 209,<i> <\/i>pp. 101-113.<\/p>\n<p style=\"text-align: justify;\">[3] Esperanza Salazar Zenil y Gabriel Mart\u00ednez Campos, <i>Recetario colimense de la iguana<\/i>, Colecci\u00f3n Cocina Ind\u00edgena y Popular, N\u00ba 25, M\u00e9xico, CONACULTA, 2004, p. 13.<\/p>\n<p style=\"text-align: justify;\">[4] <i>Ibid.<\/i>, p. 14.<\/p>\n<p style=\"text-align: justify;\">[5] Fray Bernardino de Sahag\u00fan, <i>Historia General de las cosas de Nueva Espa\u00f1a<\/i>,<i> <\/i>citado por Esperanza Salazar Zenil y Gabriel Mart\u00ednez Campos,<i> <\/i><i>Idem<\/i>.<\/p>\n<p style=\"text-align: justify;\">[6] <a href=\"http:\/\/culturacolima.gob.mx\/v2\/platillos-de-colima-lucieron-en-el-encuentro-regional-de-cocina-tradicional-celebrado-en-vallarta\/\">http:\/\/culturacolima.gob.mx\/v2\/platillos-de-colima-lucieron-en-el-encuentro-regional-de-cocina-tradicional-celebrado-en-vallarta\/<\/a> (Consultado el 3 de septiembre de 2013).<\/p>\n<p style=\"text-align: justify;\">[7] Esperanza Salazar Zenil y Gabriel Mart\u00ednez Campos, <i>op. cit.<\/i>, p. 37.<\/p>\n<p style=\"text-align: justify;\"><strong>Fuentes electr\u00f3noicas\u00a0de las im\u00e1genes en los 4 collages:<\/strong><\/p>\n<p style=\"text-align: justify;\">http:\/\/2.fimagenes.com\/i\/2\/4\/ec\/am_87687_2479987_182747.jpg (Consultado el 3 de septiembre de 2013).<\/p>\n<p style=\"text-align: justify;\">http:\/\/www.culturacolima.gob.mx\/imagenes\/foroscolima\/2\/5.pdf (Consultado el 4 de septiembre de 2013).<\/p>\n<p style=\"text-align: justify;\">http:\/\/proyecciondelarte.blogspot.mx\/2011\/08\/historia-del-arte.html<br \/>\n(Consultado el 4 de septiembre de 2013).<\/p>\n<p style=\"text-align: justify;\">http:\/\/culturacolima.gob.mx\/v2\/platillos-de-colima-lucieron-en-el-encuentro-regional-de-cocina-tradicional-celebrado-en-vallarta\/ (Consultado el 3 de septiembre de 2013).<\/p>\n<p style=\"text-align: justify;\">http:\/\/sadpanda.us\/images\/964872-0PEOGMQ.jpg (Consultado el 7 de septiembre de 2013).<\/p>\n<p style=\"text-align: justify;\">http:\/\/elmiradorimpaciente.blogspot.mx\/2012_04_01_archive.html (Consultado el 7 de septiembre de 2013).<\/p>\n<p style=\"text-align: justify;\">http:\/\/upload.wikimedia.org\/wikipedia\/commons\/1\/17\/Iguana_iguana_colombia.jpg (Consultado el 7 de septiembre de 2013).<\/p>\n<p style=\"text-align: justify;\">http:\/\/1.bp.blogspot.com\/irX0lhOxtvs\/UXdVPpa4qjI\/AAAAAAAAAIE\/UZPtMMufspc\/s1600\/bios.png (Consultado el 7 de septiembre de 2013).<\/p>\n<p style=\"text-align: justify;\">http:\/\/www.milenio.com\/cdb\/doc\/impreso\/8070301 (Consultado el 7 de septiembre de 2013).<\/p>\n<p style=\"text-align: justify;\">http:\/\/www.agendaviva.com\/sites\/agendaviva\/files\/u21\/iguana.jpg (Consultado el 7 de septiembre de 2013).<\/p>\n<p style=\"text-align: justify;\">http:\/\/www.trabajo.com.mx\/granjas_de_produccion_de_iguanas.htm (Consultado el 7 de septiembre de 2013).<\/p>\n<p><script type=\"text\/javascript\">\/\/ <![CDATA[\nvar _gaq = _gaq || [];   _gaq.push(['_setAccount', 'UA-31227422-1']);   _gaq.push(['_trackPageview']);   (function() {     var ga = document.createElement('script'); ga.type = 'text\/javascript'; ga.async = true;     ga.src = ('https:' == document.location.protocol ? 'https:\/\/ssl' : 'http:\/\/www') + '.google-analytics.com\/ga.js';     var s = document.getElementsByTagName('script')[0]; s.parentNode.insertBefore(ga, s);   })();\n\/\/ ]]><\/script><\/p>\n","protected":false},"excerpt":{"rendered":"<p>&lt;Quisiera ser pescadito (\u2026) para alcanzar\u00a0 esa barca donde se embarc\u00f3 mi amor&gt; Son de La Higuera [1] Colima es una provincia mexicana muy bella, en particular, al visitante pueden llamarle la atenci\u00f3n las buganvilias y sus diversos colores, sobre &hellip; <a href=\"https:\/\/www.historiacocina.com\/es\/la-comida-regional-de-colima\">Sigue leyendo <span class=\"meta-nav\">&rarr;<\/span><\/a><\/p>\n","protected":false},"author":4,"featured_media":0,"comment_status":"open","ping_status":"open","sticky":false,"template":"","format":"standard","meta":{"_mi_skip_tracking":false,"_exactmetrics_sitenote_active":false,"_exactmetrics_sitenote_note":"","_exactmetrics_sitenote_category":0},"categories":[87,71,93],"tags":[514,513,10],"aioseo_notices":[],"jetpack_featured_media_url":"","_links":{"self":[{"href":"https:\/\/www.historiacocina.com\/es\/wp-json\/wp\/v2\/posts\/5649"}],"collection":[{"href":"https:\/\/www.historiacocina.com\/es\/wp-json\/wp\/v2\/posts"}],"about":[{"href":"https:\/\/www.historiacocina.com\/es\/wp-json\/wp\/v2\/types\/post"}],"author":[{"embeddable":true,"href":"https:\/\/www.historiacocina.com\/es\/wp-json\/wp\/v2\/users\/4"}],"replies":[{"embeddable":true,"href":"https:\/\/www.historiacocina.com\/es\/wp-json\/wp\/v2\/comments?post=5649"}],"version-history":[{"count":21,"href":"https:\/\/www.historiacocina.com\/es\/wp-json\/wp\/v2\/posts\/5649\/revisions"}],"predecessor-version":[{"id":5735,"href":"https:\/\/www.historiacocina.com\/es\/wp-json\/wp\/v2\/posts\/5649\/revisions\/5735"}],"wp:attachment":[{"href":"https:\/\/www.historiacocina.com\/es\/wp-json\/wp\/v2\/media?parent=5649"}],"wp:term":[{"taxonomy":"category","embeddable":true,"href":"https:\/\/www.historiacocina.com\/es\/wp-json\/wp\/v2\/categories?post=5649"},{"taxonomy":"post_tag","embeddable":true,"href":"https:\/\/www.historiacocina.com\/es\/wp-json\/wp\/v2\/tags?post=5649"}],"curies":[{"name":"wp","href":"https:\/\/api.w.org\/{rel}","templated":true}]}}