{"id":5987,"date":"2013-11-08T14:05:06","date_gmt":"2013-11-08T13:05:06","guid":{"rendered":"http:\/\/www.historiacocina.com\/es\/?p=5987"},"modified":"2013-11-08T14:05:57","modified_gmt":"2013-11-08T13:05:57","slug":"diccionario-biografico-espanol","status":"publish","type":"post","link":"https:\/\/www.historiacocina.com\/es\/diccionario-biografico-espanol","title":{"rendered":"Diccionario Biogr\u00e1fico Espa\u00f1ol"},"content":{"rendered":"<div id=\"attachment_5988\" style=\"width: 400px\" class=\"wp-caption aligncenter\"><img aria-describedby=\"caption-attachment-5988\" decoding=\"async\" loading=\"lazy\" class=\"size-full wp-image-5988\" alt=\"Real Academia de la Historia de Espa\u00f1a\" src=\"http:\/\/www.historiacocina.com\/es\/wp-content\/uploads\/2013\/11\/realacademiabueno.jpg\" width=\"390\" height=\"526\" srcset=\"https:\/\/www.historiacocina.com\/es\/wp-content\/uploads\/2013\/11\/realacademiabueno.jpg 390w, https:\/\/www.historiacocina.com\/es\/wp-content\/uploads\/2013\/11\/realacademiabueno-222x300.jpg 222w\" sizes=\"(max-width: 390px) 100vw, 390px\" \/><p id=\"caption-attachment-5988\" class=\"wp-caption-text\">Real Academia de la Historia de Espa\u00f1a<\/p><\/div>\n<p style=\"text-align: justify;\">Nuestro compa\u00f1ero Carlos Azcoytia, que particip\u00f3 de forma modesta seg\u00fan comenta en la redacci\u00f3n del Diccionario Biogr\u00e1fico Espa\u00f1ol, una magna obra, nos recomienda publicar el siguiente e-mail que recibi\u00f3 y que est\u00e1 remitido por el Director de la Real Academia de la Historia de Espa\u00f1a.<!--more--><\/p>\n<p style=\"text-align: justify;\">Querido autor:<\/p>\n<p style=\"text-align: justify;\">Tras a\u00f1os de intenso trabajo, me complace compartir con usted la noticia de estar editados los cincuenta tomos del <i>Diccionario Biogr\u00e1fico Espa\u00f1ol <\/i>y expresarle mi agradecimiento por haber colaborado en la obra.<\/p>\n<p style=\"text-align: justify;\">Por la exactitud de su trabajo, y la de los miles de colaboradores, el <i>Diccionario Biogr\u00e1fico Espa\u00f1ol<\/i> es una obra de consulta y referencia para todos los interesados en la historia de Espa\u00f1a, de Am\u00e9rica y de los territorios que formaron parte de la Corona espa\u00f1ola. Sus 45.000 p\u00e1ginas en 50 vol\u00famenes contienen m\u00e1s de 40.000 biograf\u00edas de personajes de la historia, desde el siglo IV a. de C. hasta la actualidad, pertenecientes a todos los \u00e1mbitos, disciplinas y saberes. Por ello, solo es equiparable a nuestro <i>Diccionario<\/i> el <i>Oxford Dictionary of National Biography <\/i>(cuya \u00faltima edici\u00f3n es de 2004), pues otros diccionarios biogr\u00e1ficos nacionales o son menos extensos y completos o se encuentran a\u00fan en proceso de elaboraci\u00f3n.<\/p>\n<p style=\"text-align: justify;\">La Real Academia de la Historia se honra con haber hecho realidad una aspiraci\u00f3n formulada en los a\u00f1os de su fundaci\u00f3n (1735-1740), y quiere agradecerle que haya colaborado usted en esta gran obra.<\/p>\n<p style=\"text-align: justify;\">Le agradecer\u00e9 que difunda el <i>Diccionario Biogr\u00e1fico Espa\u00f1ol<\/i> en el \u00e1mbito de su competencia o especialidad.<\/p>\n<p style=\"text-align: justify;\">Un cordial saludo<\/p>\n<p style=\"text-align: center;\">\u00a0<img decoding=\"async\" loading=\"lazy\" class=\"aligncenter size-full wp-image-5989\" alt=\"firmarealacademia\" src=\"http:\/\/www.historiacocina.com\/es\/wp-content\/uploads\/2013\/11\/firmarealacademia.jpg\" width=\"268\" height=\"97\" \/>Gonzalo Anes y \u00c1lvarez de Castrill\u00f3n, marqu\u00e9s de Castrill\u00f3n<\/p>\n<p style=\"text-align: center;\">Director Cient\u00edfico del <i>Diccionario Biogr\u00e1fico Espa\u00f1ol<\/i><\/p>\n<p style=\"text-align: center;\">Director de la Real Academia de la Historia<\/p>\n<p><script type=\"text\/javascript\">\/\/ <![CDATA[\nvar _gaq = _gaq || [];   _gaq.push(['_setAccount', 'UA-31227422-1']);   _gaq.push(['_trackPageview']);   (function() {     var ga = document.createElement('script'); ga.type = 'text\/javascript'; ga.async = true;     ga.src = ('https:' == document.location.protocol ? 'https:\/\/ssl' : 'http:\/\/www') + '.google-analytics.com\/ga.js';     var s = document.getElementsByTagName('script')[0]; s.parentNode.insertBefore(ga, s);   })();\n\/\/ ]]><\/script><\/p>\n","protected":false},"excerpt":{"rendered":"<p>Nuestro compa\u00f1ero Carlos Azcoytia, que particip\u00f3 de forma modesta seg\u00fan comenta en la redacci\u00f3n del Diccionario Biogr\u00e1fico Espa\u00f1ol, una magna obra, nos recomienda publicar el siguiente e-mail que recibi\u00f3 y que est\u00e1 remitido por el Director de la Real Academia &hellip; <a href=\"https:\/\/www.historiacocina.com\/es\/diccionario-biografico-espanol\">Sigue leyendo <span class=\"meta-nav\">&rarr;<\/span><\/a><\/p>\n","protected":false},"author":1,"featured_media":0,"comment_status":"closed","ping_status":"closed","sticky":false,"template":"","format":"standard","meta":{"_mi_skip_tracking":false,"_exactmetrics_sitenote_active":false,"_exactmetrics_sitenote_note":"","_exactmetrics_sitenote_category":0},"categories":[71,1],"tags":[560,559,558],"aioseo_notices":[],"jetpack_featured_media_url":"","_links":{"self":[{"href":"https:\/\/www.historiacocina.com\/es\/wp-json\/wp\/v2\/posts\/5987"}],"collection":[{"href":"https:\/\/www.historiacocina.com\/es\/wp-json\/wp\/v2\/posts"}],"about":[{"href":"https:\/\/www.historiacocina.com\/es\/wp-json\/wp\/v2\/types\/post"}],"author":[{"embeddable":true,"href":"https:\/\/www.historiacocina.com\/es\/wp-json\/wp\/v2\/users\/1"}],"replies":[{"embeddable":true,"href":"https:\/\/www.historiacocina.com\/es\/wp-json\/wp\/v2\/comments?post=5987"}],"version-history":[{"count":3,"href":"https:\/\/www.historiacocina.com\/es\/wp-json\/wp\/v2\/posts\/5987\/revisions"}],"predecessor-version":[{"id":5992,"href":"https:\/\/www.historiacocina.com\/es\/wp-json\/wp\/v2\/posts\/5987\/revisions\/5992"}],"wp:attachment":[{"href":"https:\/\/www.historiacocina.com\/es\/wp-json\/wp\/v2\/media?parent=5987"}],"wp:term":[{"taxonomy":"category","embeddable":true,"href":"https:\/\/www.historiacocina.com\/es\/wp-json\/wp\/v2\/categories?post=5987"},{"taxonomy":"post_tag","embeddable":true,"href":"https:\/\/www.historiacocina.com\/es\/wp-json\/wp\/v2\/tags?post=5987"}],"curies":[{"name":"wp","href":"https:\/\/api.w.org\/{rel}","templated":true}]}}