{"id":6050,"date":"2013-11-24T20:03:23","date_gmt":"2013-11-24T19:03:23","guid":{"rendered":"http:\/\/www.historiacocina.com\/es\/?p=6050"},"modified":"2013-11-24T20:03:23","modified_gmt":"2013-11-24T19:03:23","slug":"milenio-en-canal-sur-radio","status":"publish","type":"post","link":"https:\/\/www.historiacocina.com\/es\/milenio-en-canal-sur-radio","title":{"rendered":"Milenio, un programa de radio de Canal Sur"},"content":{"rendered":"<p><img decoding=\"async\" loading=\"lazy\" class=\"aligncenter size-full wp-image-6051\" alt=\"milenio\" src=\"http:\/\/www.historiacocina.com\/es\/wp-content\/uploads\/2013\/11\/milenio.jpg\" width=\"600\" height=\"292\" srcset=\"https:\/\/www.historiacocina.com\/es\/wp-content\/uploads\/2013\/11\/milenio.jpg 600w, https:\/\/www.historiacocina.com\/es\/wp-content\/uploads\/2013\/11\/milenio-300x146.jpg 300w, https:\/\/www.historiacocina.com\/es\/wp-content\/uploads\/2013\/11\/milenio-500x243.jpg 500w\" sizes=\"(max-width: 600px) 100vw, 600px\" \/><\/p>\n<p>La cocina Andalus\u00ed de la mano de Pimitiva Sanz, un gran programa, lo puede o\u00edr si <span style=\"text-decoration: underline;\"><a href=\"http:\/\/alacarta.canalsur.es\/radio\/programa\/milenio\/287\" target=\"_blank\">presiona aqu\u00ed<\/a><\/span> y donde se entrevista, entre otros, a Carlos Azcoytia, espere unos segundos para que cargue<\/p>\n","protected":false},"excerpt":{"rendered":"<p>La cocina Andalus\u00ed de la mano de Pimitiva Sanz, un gran programa, lo puede o\u00edr si presiona aqu\u00ed y donde se entrevista, entre otros, a Carlos Azcoytia, espere unos segundos para que cargue<\/p>\n","protected":false},"author":1,"featured_media":0,"comment_status":"closed","ping_status":"closed","sticky":false,"template":"","format":"standard","meta":{"_mi_skip_tracking":false,"_exactmetrics_sitenote_active":false,"_exactmetrics_sitenote_note":"","_exactmetrics_sitenote_category":0},"categories":[71],"tags":[568,570,569],"aioseo_notices":[],"jetpack_featured_media_url":"","_links":{"self":[{"href":"https:\/\/www.historiacocina.com\/es\/wp-json\/wp\/v2\/posts\/6050"}],"collection":[{"href":"https:\/\/www.historiacocina.com\/es\/wp-json\/wp\/v2\/posts"}],"about":[{"href":"https:\/\/www.historiacocina.com\/es\/wp-json\/wp\/v2\/types\/post"}],"author":[{"embeddable":true,"href":"https:\/\/www.historiacocina.com\/es\/wp-json\/wp\/v2\/users\/1"}],"replies":[{"embeddable":true,"href":"https:\/\/www.historiacocina.com\/es\/wp-json\/wp\/v2\/comments?post=6050"}],"version-history":[{"count":5,"href":"https:\/\/www.historiacocina.com\/es\/wp-json\/wp\/v2\/posts\/6050\/revisions"}],"predecessor-version":[{"id":6056,"href":"https:\/\/www.historiacocina.com\/es\/wp-json\/wp\/v2\/posts\/6050\/revisions\/6056"}],"wp:attachment":[{"href":"https:\/\/www.historiacocina.com\/es\/wp-json\/wp\/v2\/media?parent=6050"}],"wp:term":[{"taxonomy":"category","embeddable":true,"href":"https:\/\/www.historiacocina.com\/es\/wp-json\/wp\/v2\/categories?post=6050"},{"taxonomy":"post_tag","embeddable":true,"href":"https:\/\/www.historiacocina.com\/es\/wp-json\/wp\/v2\/tags?post=6050"}],"curies":[{"name":"wp","href":"https:\/\/api.w.org\/{rel}","templated":true}]}}