{"id":7246,"date":"2014-12-16T10:10:51","date_gmt":"2014-12-16T09:10:51","guid":{"rendered":"http:\/\/www.historiacocina.com\/es\/?p=7246"},"modified":"2014-12-16T10:21:45","modified_gmt":"2014-12-16T09:21:45","slug":"historia-de-las-frutas-en-la-baja-edad-media-sevilla-2","status":"publish","type":"post","link":"https:\/\/www.historiacocina.com\/es\/historia-de-las-frutas-en-la-baja-edad-media-sevilla-2","title":{"rendered":"Historia de las frutas en la Baja Edad Media en Sevilla: Comentario bot\u00e1nico-cultural"},"content":{"rendered":"<p style=\"text-align: justify;\"><strong><a href=\"https:\/\/www.historiacocina.com\/es\/somos-2\/aina-s-erice\"><img decoding=\"async\" loading=\"lazy\" class=\"alignleft size-full wp-image-6953\" src=\"http:\/\/www.historiacocina.com\/es\/wp-content\/uploads\/2014\/10\/ainaarti.jpg\" alt=\"ainaarti\" width=\"100\" height=\"123\" \/><\/a>Juan de Avi\u00f1\u00f3n<\/strong> pod\u00eda ser un (\u00bfbuen?) galeno, <strong>pero no era cient\u00edfico<\/strong>\u2014m\u00e1s que nada, porque tal concepto ni siquiera se hab\u00eda inventado por aquel entonces.<\/p>\n<p style=\"text-align: justify;\">Por ello, como invitada de Carlos a comentar los pasajes relacionados con los vegetales, mi intenci\u00f3n es <strong>arrojar un poco de luz sobre lo que nos dice la ciencia<\/strong> (y la historia de la ciencia y la medicina) respecto a las frutas comentadas por Juan de Avi\u00f1\u00f3n en su libro.<\/p>\n<p style=\"text-align: justify;\">Los n\u00fameros coinciden con los del primer trabajo y que ponemos de forma independiente para no hacer m\u00e1s farragosa la interpretaci\u00f3n del primer texto.<\/p>\n<p style=\"text-align: justify;\"><em>Las <strong>fuentes generales<\/strong> que me han servido para m\u00e1s de una fruta est\u00e1n listadas al final del art\u00edculo; las <strong>fuentes espec\u00edficas<\/strong> relativas a cada vegetal, colocadas al final del espacio dedicado a cada fruto concreto.<\/em><\/p>\n<p style=\"text-align: justify;\"><!--more--><\/p>\n<h2 style=\"padding-left: 30px; text-align: justify;\"><strong> Higuera, higo (<em>Ficus carica<\/em>)<\/strong><\/h2>\n<p style=\"text-align: justify;\"><strong>1.<\/strong> El higo es uno de los primeros vegetales domesticados en el Mediterr\u00e1neo oriental; las \u00faltimas noticias nos hablan de hallazgos m\u00e1s de 11.000 a\u00f1os atr\u00e1s, en el valle del Jord\u00e1n.<\/p>\n<p style=\"text-align: justify;\">Mi manual de bot\u00e1nica farmac\u00e9utica me confirma <strong>propiedades<\/strong> laxativas, emolientes y expectorantes, algo que los andalus\u00edes \u00e1rabes ya reconoc\u00edan.<\/p>\n<p style=\"text-align: justify;\"><strong>2.<\/strong> He aqu\u00ed un caso curioso de observaci\u00f3n medio desencaminada, pero con elementos de verdad en el fondo, y que tiene como culpable a los mecanismos de reproducci\u00f3n sexual de la higuera.<\/p>\n<p style=\"text-align: justify;\">Pues, \u00bf<strong>c\u00f3mo se reproduce una higuera<\/strong>?<\/p>\n<p style=\"text-align: justify;\">Si es de las nuestras (<em>l\u00e9ase \u201cdom\u00e9stica\u201d<\/em>), tendr\u00e1 reproducci\u00f3n asexual asistida (por nosotros, claro): tras localizar una higuera que diese buen fruto, la clonaremos (es decir, haremos que se reproduzca asexualmente, mediante esquejes, acodados, etc.), y tendremos un ej\u00e9rcito de clones produciendo sabrosos higos para alegrarnos el paladar.<\/p>\n<p style=\"text-align: justify;\">Sin embargo, la higuera salvaje nunca dependi\u00f3 de nadie para tener hijillos. O quiz\u00e1s deber\u00eda decir las higueras e <em>higueros<\/em>, pues se trata de una especie dioica: posee \u00e1rboles macho, y \u00e1rboles hembra, cada uno con sus flores (masculinas en un caso, femeninas en el otro) obedientemente encerradas en una c\u00e1mara oscura que t\u00e9cnicamente se llama <em><strong>siconio<\/strong><\/em>, pero que los amigos apodamos <em>cabrah\u00edgo<\/em> (si es masculino), u <em>higo<\/em>, si es hembra.<\/p>\n<p style=\"text-align: justify;\">Efectivamente: <strong>los higos<\/strong> no son frutos individuales, sino <strong>m\u00faltiples<\/strong>, cada uno de ellos un racimo cerrado de flores que fueron polinizadas con \u00e9xito con el polen llegado de un cabrah\u00edgo an\u00f3nimo, y maduraron para convertirse en la dulce \u201ccarne\u201d que nos recomienda Avi\u00f1\u00f3n.<\/p>\n<p style=\"text-align: justify;\">Los cabrah\u00edgos, como es l\u00f3gico, son \u201cmalos\u201d\u2014\u00a1porque <em>no son frutos<\/em>!: son paquetitos de flores macho cuya \u00fanica funci\u00f3n es producir el polen que fecundar\u00e1 a los higos inmaduros que esperan sentados (bueno, sentad<strong>a<\/strong>s, porque son chicas) en alguna higuera vecina.<\/p>\n<p style=\"text-align: justify;\">Entonces, \u00bfa qu\u00e9 viene la referencia de Juan de Avi\u00f1\u00f3n a los mosquitos, a quienes culpa de que la maduraci\u00f3n de los cabrah\u00edgos d\u00e9 tan malos resultados <em>(sin motivos, aunque se muri\u00f3 sin saber que los hab\u00eda acusado injustamente)<\/em>? \u00bfEra una man\u00eda contra los mosquitos? \u00bfUna invenci\u00f3n creativa?<\/p>\n<p style=\"text-align: justify;\">Pues s\u00ed, y no.<\/p>\n<p style=\"text-align: justify;\">Juan de Avi\u00f1\u00f3n pudo ver algo que pululaba alrededor de los cabrah\u00edgos, pero no ser\u00edan mosquitos, sino <strong>avispas<\/strong>. No una avispa cualquiera, ojo: tienen que ser de un g\u00e9nero en particular, <em>Blastophaga<\/em> (mis fuentes apuntan a una especie en concreto: <em>B. psenes<\/em>). Esta avispa resulta ser la misteriosa celestina que, en condiciones salvajes, solventa el problema de la higuera: teniendo sexos funcionalmente separados, \u00bfc\u00f3mo, si no con la ayuda de alguien con alas, hubiese podido llegar el polen de los cabrah\u00edgos a los higos femeninos para fecundarlos?<\/p>\n<p style=\"text-align: justify;\">Digamos que se han montado un tinglado bastante efectivo, que <strong>consiste en lo siguiente<\/strong>: avispa con ansias maternales selecciona cabrah\u00edgo hermoso, y se cuela en su interior usando la puertecilla reservada a tal fin (<em>ostiolo<\/em>).<\/p>\n<p style=\"text-align: justify;\">A continuaci\u00f3n, se descubre que he mentido antes al decir que los cabrah\u00edgos s\u00f3lo contienen flores masculinas, pues<em> tambi\u00e9n las tienen femeninas<\/em>. Lo que sucede es que estas pobres nunca llegan a la madurez, porque est\u00e1n destinadas a ser las cunas comestibles de la prole avispil: la avispa-madre pone sus huevos en las flores femeninas, del tama\u00f1o adecuado para servir a tal cometido, y una vez depositada su carga, se larga.<\/p>\n<p style=\"text-align: justify;\">Los huevos, sin tenerle en cuenta a la madre el haber sido abandonados, se convierten en larvas, y hall\u00e1ndose rodeados de tejido vegetal sabroso, van comi\u00e9ndose la cuna que los acogi\u00f3 al nacer. Uno puede imaginarse el fest\u00edn en el sal\u00f3n-cabrah\u00edgo, con decenas (\u00bfcientos?) de larvas comiendo a dos carrillos, hasta que maduran sexualmente\u2014y entonces el fest\u00edn se convierte en festorro orgi\u00e1stico: avispas y avispos se lo pasan estupendamente a oscuras, d\u00e1ndose un revolc\u00f3n\u2026 en el polen que las flores masculinas del cabrah\u00edgo han reservado para animar la ocasi\u00f3n.<\/p>\n<p style=\"text-align: justify;\">Una vez finalizada la aventura, las chicas son las que se van, dejando a los machos \u00e1pteros (sin alas) atr\u00e1s: se escabullen por el ostiolo, se echan a volar, y si te he visto, no me acuerdo. Los machos se quedan encerraditos en la c\u00e1mara oscura, que de ser cuna, pasar\u00e1 a ser tumba.<\/p>\n<p style=\"text-align: justify;\">(\u2026 con raz\u00f3n \u201cse convert\u00edan en pudrimiento\u201d en la digesti\u00f3n seg\u00fan nuestro compa\u00f1ero Juan. Se me quita el hambre s\u00f3lo con pensarlo).<\/p>\n<p style=\"text-align: justify;\">Las hembras, cargaditas de polen masculino, tropezar\u00e1n en sus andares (o volares) con alg\u00fan higo femenino sin fecundar; entrar\u00e1n por la puerta, y se frotar\u00e1n con las flores, buscando alguna en la que poder poner sus huevos. Sin embargo, no encontrar\u00e1n ninguna, porque no son del tama\u00f1o adecuado\u2026 pero en su b\u00fasqueda, las fecundar\u00e1n con el polen que llevaban encima, permitiendo as\u00ed su maduraci\u00f3n.<br \/>\nIr\u00e1n volando, volando, en busca de un cabrah\u00edgo receptivo, y cuando lo encuentren, vuelta a empezar.<\/p>\n<p style=\"text-align: justify;\">Y as\u00ed <em>se cierra el ciclo<\/em>.<\/p>\n<p style=\"text-align: justify;\">Por si todo este discurso ha quitado las ganas a alguien de volver a comer higos, aclarar\u00e9 que en los higos dom\u00e9sticos hay dos grandes grupos: las variedades que requieren ser polinizadas para producir fruto (y por tanto necesitan la ayuda de estas avispillas; son variedades llamadas \u201cde Esmirna\u201d), y aquellas que son partenoc\u00e1rpicas (que, traducido, significa que fructifican ellas solas, sin necesidad de ser polinizadas).<\/p>\n<p style=\"text-align: justify;\">Ha quedado constancia de las labores de caprificaci\u00f3n en tiempos pret\u00e9ritos para conseguir que las variedades de higos de Esmirna diesen buen fruto (v\u00e9ase la menci\u00f3n en autores romanos que se explica en el trabajo sobre la <a href=\"http:\/\/www.historiacocina.com\/historia\/articulos\/higo.htm\" target=\"_blank\">Historia de la higuera y los higos<\/a>).<\/p>\n<p style=\"text-align: justify;\">Y, aun en el peor de los casos, los \u00fanicos higos con larva de regalo son los cabrah\u00edgos, no los higos \u201ccomunes\u201d. As\u00ed que hagamos caso a Juan de Avi\u00f1\u00f3n y, para evitar pudrimientos (y larvas de avispa), yo propondr\u00eda evitarlas en la mesa\u2026<\/p>\n<p style=\"text-align: justify;\"><strong>3.<\/strong> Los higos como <strong>remedio contra los venenos<\/strong> es algo que heredamos, como poco, de Plinio el Viejo, quien en su Historia Natural (<em>HN<\/em> XXIII, 77, 149) nos dice que formaban parte del remedio contra venenos del rey Mitr\u00eddates VI de Ponto (muy famoso en su tiempo por ser un genio de las p\u00f3cimas antivenenos; el nombre utilizado para referirse a estas preparaciones era \u201cmitridato\u201d). Parece que, al igual que la fama del mitridato se mantuvo a lo largo de los siglos, tambi\u00e9n la fama del higo de Plinio se mantuvo y perpetu\u00f3, incluso en la Espa\u00f1a medieval.<\/p>\n<p style=\"text-align: justify;\"><a href=\"http:\/\/www.historiacocina.com\/es\/wp-content\/uploads\/2014\/12\/ficus.jpg\"><img decoding=\"async\" loading=\"lazy\" class=\"aligncenter wp-image-7248 \" src=\"http:\/\/www.historiacocina.com\/es\/wp-content\/uploads\/2014\/12\/ficus.jpg\" alt=\"ficus\" width=\"505\" height=\"343\" \/><\/a><span style=\"color: #800000;\"><strong>Fuentes espec\u00edficas<\/strong><\/span><\/p>\n<ul style=\"text-align: justify;\">\n<li><span style=\"color: #800000;\">Kislev, M. E.; Hartmann,A.; Bar-Yosef, O. 2006. Early Domesticated Fig in the Jordan Valley. <em>Science<\/em> 312, 1372-1374.<\/span><\/li>\n<li><span style=\"color: #800000;\">Totelin, L. 2004. Mithradates&#8217; Antidote &#8211; A Pharmacological Ghost. <em>Early Science and Medicine<\/em> 9 (1): 1-19.<\/span><\/li>\n<li><span style=\"color: #800000;\">La <em>Historia Natural<\/em> de Plinio el Viejo, en el original en lat\u00edn y una traducci\u00f3n en ingl\u00e9s, est\u00e1n libremente accesibles en la web de Perseus (para la versi\u00f3n en ingl\u00e9s, pinchar <a style=\"color: #800000;\" href=\"http:\/\/www.perseus.tufts.edu\/hopper\/text?doc=Perseus%3atext%3a1999.02.0137\" target=\"_blank\">aqu\u00ed<\/a>)<\/span><\/li>\n<\/ul>\n<p style=\"text-align: center;\">*<\/p>\n<h2 style=\"padding-left: 30px; text-align: justify;\"><strong> Vid &amp; uva (Vitis vinifera)<\/strong><\/h2>\n<p style=\"text-align: justify;\"><strong>4.<\/strong> La <strong>vid<\/strong> es otro de los frutos domesticados en el Mediterr\u00e1neo oriental, hace m\u00e1s de 6000 a\u00f1os (se baraja una ventana temporal de entre 6000 y 8000 a\u00f1os). Lleg\u00f3 a la pen\u00ednsula en tiempos hist\u00f3ricos, posiblemente debido a la influencia de los fenicios, durante el primer milenio aC.<\/p>\n<p style=\"text-align: justify;\"><strong>5.<\/strong> La calabaza a la que se refiere no puede ser la que hoy d\u00eda llamamos as\u00ed <em>(Cucurbita<\/em> sp, p. ej. <em>C. maxima<\/em>), pues son americanas y a\u00fan no hab\u00edan llegado a tierras peninsulares. Es muy probable que se tratase de la calabaza de peregrino, <em>Lagenaria siceraria<\/em>. A partir de sus semillas se preparaba un aceite por maceraci\u00f3n, de obligada presencia en las boticas castellanas renacentistas.<\/p>\n<p style=\"text-align: justify;\"><strong>6.<\/strong> Lo que puedo aclarar de esto es lo siguiente:<\/p>\n<p style=\"text-align: justify;\">El Diosc\u00f3rides de Salamanca comenta respecto al agraz que \u201c<em>se debe exprimir el zumo antes de la can\u00edcula y luego solearlo (\u2026). Por la noche hay que apartarlo del sereno, ya que el roc\u00edo impide su condensaci\u00f3n<\/em>.\u201d<\/p>\n<p style=\"text-align: justify;\">De ello entiendo que el zumo serenado ser\u00eda, en cambio, \u201c<em>el que no ha sido apartado del sereno<\/em>\u201d (lo que m\u00e1s o menos coincidir\u00eda con la definici\u00f3n de la RAE de serenar, \u201c<em>enfriar agua [en nuestro caso ser\u00eda zumo de agraz] al sereno<\/em>\u201d).<\/p>\n<p style=\"text-align: justify;\">El <strong>ruibarbo<\/strong> (<em>Rheum officinale<\/em>) era un laxativo ex\u00f3tico imprescindible en las boticas; si interpreto bien, los \u201cmiraboianos\u201d ser\u00edan <strong>mirabolanos<\/strong> (o mirob\u00e1lanos, frutos de <em>Terminalia<\/em> sp). De \u00e9stos en la Corona de Castilla, un siglo m\u00e1s tarde (finales del s. XVI), se conoc\u00edan al menos cinco g\u00e9neros: bel\u00e9ricos (<em>Terminalia belerica<\/em>), citrinos (<em>Terminalia citrina<\/em>), \u00e9mblicos (<em>Phyllantes emblica<\/em>), kabul\u00edes o chebulos (<em>Terminalia chebula<\/em>) e indos (los kabul\u00edes, pero verdes). Llegaron a la pen\u00ednsula con el Islam, a trav\u00e9s de Egipto; menciones en la literatura lo conectan con dolencias bucales y gastrointestinales, entre otras.<\/p>\n<p style=\"text-align: justify;\">La <strong>ca\u00f1af\u00edstula<\/strong>, en cambio, es un laxativo leve (aunque tambi\u00e9n encuentro referencias sobre sus efectos astringentes\u2026 \u00bfcuesti\u00f3n de dosis?): <em>Cassia fistula<\/em>.<\/p>\n<p style=\"text-align: justify;\">Del \u201ccotrofe\u201d, no tengo la menor idea de qu\u00e9 pueda ser\u2026<\/p>\n<p style=\"text-align: justify;\"><strong>7.<\/strong> Esta distinci\u00f3n entre uvas, agraz, y pasas, es pr\u00e1cticamente id\u00e9ntica a la realizada en las copias a m\u00ed conocidas del <em>De Materia Medica<\/em> de Diosc\u00f3rides.<\/p>\n<p style=\"text-align: justify;\"><span style=\"color: #800000;\"><strong>Fuentes espec\u00edficas<\/strong><\/span><\/p>\n<ul style=\"text-align: justify;\">\n<li><span style=\"color: #800000;\">Miles et al. 2011. Genetic structure and domestication history of the grape. <em>PNAS<\/em> 108 (9): 3530-3535<\/span><\/li>\n<\/ul>\n<p style=\"text-align: justify;\"><span style=\"color: #800000;\">(para el resto, consultar fuentes generales)<\/span><\/p>\n<p style=\"text-align: center;\">*<\/p>\n<h2 style=\"padding-left: 30px; text-align: justify;\"><strong>Moras <em>(Rubus<\/em> sp, <em>Morus<\/em> sp)<\/strong><\/h2>\n<p style=\"text-align: justify;\"><strong>8.<\/strong> Las <strong>moras<\/strong> son una de esas paradojas ling\u00fc\u00edstico-bot\u00e1nicas que pueden inducir a confusi\u00f3n, pues bajo el mismo nombre se agrupan vegetales que no est\u00e1n emparentados: la zarzamora (<em>Rubus ulmifolius<\/em>), y la morera y el moral (<em>Morus alba<\/em>, <em>Morus nigra<\/em>). El primero es pariente de las rosas y los almendros; el segundo, de las higueras.<\/p>\n<p style=\"text-align: justify;\">La <strong>zarzamora<\/strong> es una especie silvestre, cuyos frutos oto\u00f1ales se han aprovechado tanto para su consumo crudas, como para la elaboraci\u00f3n de mermeladas y dulces. Su importancia econ\u00f3mica ha sido m\u00ednima en la historia.<\/p>\n<p style=\"text-align: justify;\">En cambio, la <strong>morera<\/strong> y el <strong>moral<\/strong> han sido especies muy valorada, y cuyas hojas eran en muchas ocasiones mucho m\u00e1s valiosas que sus frutos, por servir de alimento a los gusanos de seda. Dado que la pen\u00ednsula se convirti\u00f3 en un importante centro de sericultura con la llegada de los \u00e1rabes, no deber\u00eda extra\u00f1arnos que la morera (<em>M. alba<\/em>) tambi\u00e9n llegase con ellos (en cambio, al parecer el moral, <em>M. nigra<\/em>, era conocido en el \u00e1mbito mediterr\u00e1neo desde tiempos romanos).<\/p>\n<p style=\"text-align: justify;\">Respecto a las propiedades medicinales que se reconocen hoy d\u00eda a las moras (de morera \/ moral), me consta que el jarabe de moras se usa contra inflamaciones de la faringe; las zarzamoras (o, mejor dicho, los jarabes y zumos de zarzamora) se consideran ligeramente astringentes.<\/p>\n<p style=\"text-align: center;\"><a href=\"http:\/\/www.historiacocina.com\/es\/wp-content\/uploads\/2014\/12\/moras.jpg\"><img decoding=\"async\" loading=\"lazy\" class=\"size-full wp-image-7249 aligncenter\" src=\"http:\/\/www.historiacocina.com\/es\/wp-content\/uploads\/2014\/12\/moras.jpg\" alt=\"moras\" width=\"778\" height=\"579\" srcset=\"https:\/\/www.historiacocina.com\/es\/wp-content\/uploads\/2014\/12\/moras.jpg 778w, https:\/\/www.historiacocina.com\/es\/wp-content\/uploads\/2014\/12\/moras-300x223.jpg 300w, https:\/\/www.historiacocina.com\/es\/wp-content\/uploads\/2014\/12\/moras-403x300.jpg 403w\" sizes=\"(max-width: 778px) 100vw, 778px\" \/><\/a>*<\/p>\n<h2 style=\"padding-left: 30px; text-align: justify;\"><strong> Ciruelo (<em>Prunus domestica<\/em>)<\/strong><\/h2>\n<p style=\"text-align: justify;\"><strong>9.<\/strong> El <strong>ciruelo<\/strong> pertenece al g\u00e9nero <em>Prunus;<\/em> cuenta entre sus antepasados a varias especies distintas, que han dado origen a ciruelos diferentes: el europeo (<em>P. domestica<\/em>) es uno de ellos, pero tambi\u00e9n est\u00e1 el <strong>endrino<\/strong> (<em>P. spinosa<\/em>) o el ciruelo silvestre o el <strong>escambr\u00f3n<\/strong> (<em>P. domestica<\/em> subsp <em>insititia).<\/em><\/p>\n<p style=\"text-align: justify;\">Su efecto astringente es bien conocido al menos desde tiempos de Diosc\u00f3rides.<\/p>\n<p style=\"text-align: justify;\">El efecto de su goma, bebida con vino, para \u201cla piedra\u201d (los c\u00e1lculos) es asimismo recomendado por Diosc\u00f3rides (lo que me hace pensar que Juan de Avi\u00f1\u00f3n lo hered\u00f3 muy acad\u00e9micamente del <em>De Materia Medica<\/em>); sin embargo, no he hallado referencias actuales a su utilidad para tal fin.<\/p>\n<p style=\"text-align: justify;\">Se empleaba, efectivamente, para elaborar electuarios varios en las boticas del s. XVI, entre ellos el <em>diaprunis<\/em> (simple y compuesto) o el <em>diaprunis laxativo<\/em> (con vino blanco, \u201cbueno para purgar la c\u00f3lera\u201d).<\/p>\n<p style=\"text-align: center;\">*<\/p>\n<h2 style=\"padding-left: 30px; text-align: justify;\"><strong>Cerezo (<em>Prunus avium<\/em>)<\/strong><\/h2>\n<p style=\"text-align: justify;\"><strong>10.<\/strong> El <strong>cerezo \u201cdulce\u201d<\/strong> proviene de las zonas templadas de Asia central; propagado por p\u00e1jaros (de ah\u00ed su nombre espec\u00edfico, <em>avium),<\/em> en tiempos de los romanos ya se conoc\u00edan y manten\u00edan al menos nueve variedades distintas de cerezas (al menos, seg\u00fan Plinio el Viejo).<\/p>\n<p style=\"text-align: justify;\"><a href=\"http:\/\/www.historiacocina.com\/es\/wp-content\/uploads\/2014\/12\/Prunus-avium.jpg\"><img decoding=\"async\" loading=\"lazy\" class=\" wp-image-7253 aligncenter\" src=\"http:\/\/www.historiacocina.com\/es\/wp-content\/uploads\/2014\/12\/Prunus-avium.jpg\" alt=\"Prunus-avium\" width=\"365\" height=\"450\" \/><\/a>Las principales propiedades medicinales de \u00e9stas (hoy d\u00eda aceptadas) son diur\u00e9ticas, pero no tanto de su fruto cuanto de los rabitos de \u00e9ste.<\/p>\n<p style=\"text-align: justify;\"><span style=\"color: #800000;\"><strong>Fuentes espec\u00edficas<\/strong><\/span><\/p>\n<ul style=\"text-align: justify;\">\n<li><span style=\"color: #800000;\">Burger, P.; Terral, J.-F.; Ruas, M.-P.; Ivorra, S.; Picq, S. 2011. Assessing past agrobiodiversity of <em>Prunus avium<\/em> L. (Rosaceae): a morphometric approach focussed on the stones from the archaeological site H\u00f4tel-Dieu (16th century, Tours, France). <em>Veget Hist Archaeobot<\/em> 20:447\u2013458.<\/span><\/li>\n<\/ul>\n<p style=\"text-align: center;\">*<\/p>\n<h2 style=\"padding-left: 30px; text-align: justify;\"><strong>Guindo (<em>Prunus cerasus<\/em>)<\/strong><\/h2>\n<p style=\"text-align: justify;\"><strong>11.<\/strong> La <strong>guinda<\/strong>, llamada en ingl\u00e9s sour cherry, es la fruta del guindo, <em>Prunus cerasus<\/em>. Al parecer, bot\u00e1nicamente es un hijo del cerezo dulce, nacido en las regiones m\u00e1s orientales de Europa.<\/p>\n<p style=\"text-align: justify;\">No me constan muchos usos distintivos del guindo, a parte de los que puedan tener las cerezas dulces (grupo junto al cual suelen incluirse como una \u201cvariedad agria\u201d, aunque en realidad se trate de una especie distinta).<\/p>\n<p style=\"text-align: justify;\"><span style=\"color: #800000;\"><strong>Fuentes espec\u00edficas<\/strong>: <em>ver <strong>Cerezo<\/strong><\/em><\/span><\/p>\n<p style=\"text-align: center;\">*<\/p>\n<h2 style=\"padding-left: 30px; text-align: justify;\"><strong>Albaricoquero (<em>Prunus armeniaca<\/em>)<\/strong><\/h2>\n<p style=\"text-align: justify;\"><strong>12.<\/strong> El <strong>albaricoquero<\/strong> es pariente (como su propio nombre cient\u00edfico indica) de ciruelos, cerezos y guindos, \u00e1rboles de melocotones y priscos\u2026 guardando con \u00e9stos \u00faltimos una cierta similitud en el aspecto: siempre me ha parecido que el melocot\u00f3n parece el primo de zumosol del albaricoque. Y, de hecho, en el s. XVI autores como Andr\u00e9s de Laguna, inclu\u00edan la \u201cmanzana armenia\u201d (<em>man\u00e7anas armeniacas<\/em>) como un tipo de melocot\u00f3n\u2014lo que no es bot\u00e1nicamente cierto.<\/p>\n<p style=\"text-align: justify;\">Algo de raz\u00f3n llevaba Juan de Avi\u00f1\u00f3n en sus aseveraciones referidas al cuesco (hueso) de albaricoque, pues contiene compuestos cianog\u00e9nicos que podr\u00edan resultar \u00fatiles para despachar lombrices inc\u00f3modas (pero sin exagerar en la dosis, que <a title=\"Vegetales t\u00f3xicos para cenar: \u00bfpeligro, o necesidad?\" href=\"https:\/\/www.historiacocina.com\/es\/vegetales-toxicos\" target=\"_blank\">con la amigdalina no se juega<\/a>\u2026).<\/p>\n<p style=\"text-align: justify;\">La referencia a su utilidad contra las hemorroides tambi\u00e9n se encuentra entre los autores \u00e1rabes (que no en el Diosc\u00f3rides de Salamanca) pero no parece que la bot\u00e1nica farmac\u00e9utica actual corrobore tal uso.<\/p>\n<p style=\"text-align: center;\">*<\/p>\n<h2 style=\"padding-left: 30px; text-align: justify;\">Melocotonero (<em>Prunus persica<\/em>)<\/h2>\n<p style=\"text-align: justify;\"><strong>13.<\/strong> Si los albaricoques ven\u00edan de Armenia para los romanos, el <strong>melocot\u00f3n<\/strong>, en cambio, proven\u00eda de Persia: y de ah\u00ed su nombre en lat\u00edn, <em>malus persica<\/em>, o manzana persa, que ha quedado inmortalizado en su nombre cient\u00edfico, <em>Prunus persica<\/em>. Seg\u00fan Laguna, de hecho, el prisco habr\u00eda conseguido su nombre a partir de la palabra persica, que inicialmente se habr\u00eda referido a todas las variedades de melocot\u00f3n, pero termin\u00f3 designando a las variedades cuya carne no est\u00e1 apegada al cuesco.<\/p>\n<p style=\"text-align: justify;\">Aunque nos consta que en tiempos \u00e1rabes se conoc\u00edan variedades glabras (para que nos entendamos, sin pelusilla, como las nectarinas), no parece que Juan de Avi\u00f1\u00f3n recoja esta diferencia como relevante.<\/p>\n<p style=\"text-align: center;\">*<\/p>\n<h2 style=\"padding-left: 30px; text-align: justify;\"><strong>Manzano, pero (<em>Malus domestica<\/em>)<\/strong><\/h2>\n<p style=\"text-align: justify;\"><strong>14.<\/strong> Las <strong>manzanas,<\/strong> por particularidades del lenguaje com\u00fan, son llamadas <em>peros<\/em> en ciertas zonas de la pen\u00ednsula, pero no he conseguido averiguar exactamente si la subdivisi\u00f3n trazada por Juan de Avi\u00f1\u00f3n se corresponde con alguna l\u00ednea taxon\u00f3mica actualmente reconocida en biolog\u00eda.<\/p>\n<p style=\"text-align: justify;\"><strong>15.<\/strong> Los granos de matalah\u00fava que recomienda para \u201ctirar la ventosidad\u201d son granos de an\u00eds (<em>Pimpinella anisum<\/em>), si no me equivoco; tanto el an\u00eds como el hinojo (<em>Foeniculum vulgare<\/em>) se utilizan a\u00fan hoy en caso de problemas ligados a la digesti\u00f3n.<\/p>\n<p style=\"text-align: justify;\">El <strong>lin\u00e1loe<\/strong>, o ag\u00e1loco, en cambio, es la madera impregnada de resinas de varias especies de Timele\u00e1ceas, utilizada sobre todo en perfumer\u00eda y anta\u00f1o clasificada como especia preciosa (lo que, junto a los alj\u00f3fares \u2014perlas\u2014 y el az\u00facar recomendados por Juan de Avi\u00f1\u00f3n, nos hace pensar que no era un remedio que las clases trabajadoras pudiesen permitirse\u2026).<\/p>\n<p style=\"text-align: justify;\"><strong>Fuentes y recursos espec\u00edficos<\/strong><\/p>\n<p style=\"text-align: justify;\">Dos enlaces sobre peros y manzanas en internet (todos se abren en ventanas distintas):<\/p>\n<ul style=\"text-align: justify;\">\n<li><a href=\"http:\/\/avilared.com\/not\/2567\/maguillas__manzanas_y_peros\/\" target=\"_blank\">Maguillas, manzanas y peros<\/a> (ES)<\/li>\n<li><a href=\"http:\/\/saberescruzados.wordpress.com\/2011\/10\/29\/pereiro-uma-arvore-que-da-peros\/\" target=\"_blank\">Pereiro uma \u00e1rvore que d\u00e1 p\u00earos<\/a> (PT)<\/li>\n<\/ul>\n<p style=\"text-align: justify;\">Sobre el ag\u00e1loco, puede consultarse el <a title=\"Del ag\u00e1loco: palos, \u00e1guilas y \u00e1loes (1)\" href=\"http:\/\/imaginandovegetales.wordpress.com\/2014\/12\/02\/del-agaloco-1\/\" target=\"_blank\">siguiente art\u00edculo<\/a>.<\/p>\n<p style=\"text-align: center;\">*<\/p>\n<h2 style=\"padding-left: 30px; text-align: justify;\">Peral (<em>Pyrus communis<\/em>)<\/h2>\n<p style=\"text-align: justify;\"><strong>16.<\/strong> Al igual que el ciruelo, el <strong>peral<\/strong> tambi\u00e9n ha recibido influencias de muchas especies distintas del g\u00e9nero <em>Pyrus<\/em> en funci\u00f3n de la regi\u00f3n de que se trate (no se encuentran los mismos perales salvajes en China que en la pen\u00ednsula, como es l\u00f3gico\u2026).<\/p>\n<p style=\"text-align: justify;\">Uno de estos perales salvajes peninsulares es, precisamente, el piru\u00e9tano o peru\u00e9tano,<em> Pyrus bourgaeana<\/em>, cuyas perillas parecen ser m\u00e1s bien duras y poco apetecibles, por lo que no se consumir\u00edan normalmente, salvo en caso de extrema necesidad.<\/p>\n<p style=\"text-align: center;\">*<\/p>\n<h2 style=\"padding-left: 30px; text-align: justify;\"><strong>Granado (<em>Punica granatum<\/em>)<\/strong><\/h2>\n<p style=\"text-align: justify;\"><strong>17.<\/strong> La \u201cmanzana con muchos granos\u201d, <em>malum granatum<\/em>, o manzana fenicia, <em>punicum<\/em>, ha quedado hoy retratada con el nombre cient\u00edfico de <em>Punica granatum<\/em>.<br \/>\nPor alg\u00fan motivo que no alcanzo a entender, Juan de Avi\u00f1\u00f3n le encuentra cuesco a las granadas, algo de lo que carecen todas aquellas con las que me he tropezado hasta ahora\u2026<\/p>\n<p style=\"text-align: justify;\">La variedad safar\u00ed que menciona Juan de Avi\u00f1\u00f3n parece corresponderse con la granada <em>safar\u00ee<\/em> o <em>\u0177a\u2019far\u012b<\/em>, introducida desde Oriente en tiempos andalus\u00edes (s. VIII).<br \/>\nLas propiedades medicinales de la granada actualmente consideradas se refieren m\u00e1s a la corteza, que al fruto, que sin embargo goza de una rica mitolog\u00eda en culturas como la sem\u00edtica o de la Grecia cl\u00e1sica.<\/p>\n<div id=\"attachment_7254\" style=\"width: 589px\" class=\"wp-caption aligncenter\"><a href=\"http:\/\/www.historiacocina.com\/es\/wp-content\/uploads\/2014\/12\/punica.jpg\"><img aria-describedby=\"caption-attachment-7254\" decoding=\"async\" loading=\"lazy\" class=\"wp-image-7254 size-full\" src=\"http:\/\/www.historiacocina.com\/es\/wp-content\/uploads\/2014\/12\/punica.jpg\" alt=\"punica\" width=\"579\" height=\"389\" srcset=\"https:\/\/www.historiacocina.com\/es\/wp-content\/uploads\/2014\/12\/punica.jpg 579w, https:\/\/www.historiacocina.com\/es\/wp-content\/uploads\/2014\/12\/punica-300x201.jpg 300w, https:\/\/www.historiacocina.com\/es\/wp-content\/uploads\/2014\/12\/punica-446x300.jpg 446w\" sizes=\"(max-width: 579px) 100vw, 579px\" \/><\/a><p id=\"caption-attachment-7254\" class=\"wp-caption-text\">(Granado: variedad enana)<\/p><\/div>\n<h2 style=\"padding-left: 30px; text-align: justify;\"><strong>Membrillo (<em>Cydonia oblonga<\/em>)<\/strong><\/h2>\n<p style=\"text-align: justify;\"><strong>18.<\/strong> El <strong>membrillo<\/strong> es un fruto que ha perdido mucha importancia con el paso del tiempo; la mayor\u00eda de fuentes consultadas apuntan a que existen, al menos en la pen\u00ednsula, dos grandes tipos: las zamboas (<em>C. oblonga<\/em> var <em>lusitanica),<\/em> y los membrillos propiamente dichos. No parece que sea su dulzor aquello que las distingue, sino m\u00e1s bien su tama\u00f1o.<\/p>\n<p style=\"text-align: justify;\">En las fuentes andalus\u00edes medievales se hace referencia a variedades dulces y agrias, pero no he conseguido aclarar a qu\u00e9 corresponden si a\u00fan existen ambas, etc.<\/p>\n<p style=\"text-align: justify;\"><strong>19.<\/strong> El aceite de membrillo era, efectivamente, uno de los remedios que se ten\u00edan en las boticas del s. XVI.<\/p>\n<p style=\"text-align: justify;\">El fruto se considera a\u00fan hoy en d\u00eda como un eficaz antidiarreico, y la semilla como lenitiva de los sistemas digestivo y respiratorio.<\/p>\n<p style=\"text-align: justify;\"><span style=\"color: #800000;\"><strong>Fuentes espec\u00edficas<\/strong><\/span><\/p>\n<ul style=\"text-align: justify;\">\n<li><span style=\"color: #800000;\"><a style=\"color: #800000;\" href=\"http:\/\/www.juntadeandalucia.es\/agriculturaypesca\/portal\/areas-tematicas\/produccion-ecologica\/produccion\/agricultura-ecologica\/estudios-de-agricultura-ecologica.html\" target=\"_blank\">Ibancos N\u00fa\u00f1ez, C. y Rodr\u00edguez Franco, R. 2010. <em>Biodiversidad y Conocimiento Local<\/em>. Las Variedades cultivadas aut\u00f3ctonas en el entorno de Do\u00f1ana. Universidad de Sevilla<\/a><\/span><\/li>\n<\/ul>\n<p style=\"text-align: center;\">*<\/p>\n<p style=\"text-align: justify;\"><strong>SOBRE EL CONCEPTO DE <em>FRUTA<\/em><\/strong><\/p>\n<p style=\"text-align: justify;\"><strong>20.<\/strong> El concepto de \u201cfruta\u201d <strong>proviene del lenguaje com\u00fan<\/strong>, y se establece de acuerdo con los usos que les damos los humanos.<\/p>\n<p style=\"text-align: justify;\">Los diccionarios nos dicen que es el <em>fruto comestible de ciertos vegetales, sobre todo si tiene mucho agua y es dulce<\/em>. Sin embargo, esta clasificaci\u00f3n es arbitraria\u2014y, de hecho, no todas las lenguas poseen una palabra que tenga el mismo significado (un caso que me viene a la cabeza son las lenguas drav\u00eddicas de la India meridional, para quienes, p. ej., el coco y el pl\u00e1tano no pertenecen a la misma categor\u00eda ling\u00fc\u00edstica, por muy \u201cfrutas\u201d que nos parezcan a los hablantes de lenguas indoeuropeas).<\/p>\n<p style=\"text-align: justify;\">Entonces: <strong>la \u201cfruta\u201d, en biolog\u00eda, no existe<\/strong>, no nos sirve. Es un concepto m\u00e1s gastron\u00f3mico que biol\u00f3gico.<\/p>\n<p style=\"text-align: justify;\">Empleamos, en cambio, el t\u00e9rmino \u201c<em>fruto<\/em>\u201d, y bajo tal concepto no cabe duda de que las aceitunas y las bellotas son tan dignas de figurar en esta categor\u00eda como puedan serlo los albaricoques o los pepinillos.<\/p>\n<p style=\"text-align: justify;\">(en cambio, curiosamente, \u00a1ni la pi\u00f1a, ni el higo, ni la fresa son frutos en el sentido bot\u00e1nico de la palabra!)<\/p>\n<p style=\"text-align: center;\">*<\/p>\n<h2 style=\"padding-left: 30px; text-align: justify;\"><strong>Bellotas <em>(Quercus<\/em> spp)<\/strong><\/h2>\n<p style=\"text-align: justify;\"><strong>21.<\/strong> Las <strong>bellotas<\/strong> son frutos de \u00e1rboles del g\u00e9nero <em>Quercus,<\/em> al que pertenecen robles, encinas, alcornoques y coscojos, entre otros.<\/p>\n<p style=\"text-align: justify;\">Dado su contenido en carbohidratos similar al de los cereales, han sido utilizadas como alimento desde la prehistoria, si bien he le\u00eddo referencias a que deben procesarse antes de consumirse, para evitar indigestiones.<\/p>\n<p style=\"text-align: center;\">*<\/p>\n<h2 style=\"padding-left: 30px; text-align: justify;\"><strong>Casta\u00f1o (<em>Castanea sativa<\/em>)<\/strong><\/h2>\n<p style=\"text-align: justify;\"><strong>22.<\/strong> El <strong>casta\u00f1o<\/strong> parece haberse empezado a cultivar hacia el 2\u00ba mil. aC en el Mediterr\u00e1neo oriental, si bien en su forma silvestre habr\u00eda formado parte de la flora septentrional de la pen\u00ednsula ib\u00e9rica (entre otras zonas). En fuentes griegas se considera fundamentalmente un \u00e1rbol de madera, y cuyo fruto se ten\u00eda por \u201cdif\u00edcil\u201d para el est\u00f3mago.<\/p>\n<p style=\"text-align: justify;\">Los romanos, quienes al parecer extendieron tras los griegos el cultivo y consumo de las casta\u00f1as (sin convertirse \u00e9stas en un fruto especialmente bien visto socialmente), ya las tomaban preparadas en distintos modos (asadas, hervidas, secas). Sol\u00edan ponerse de manifiesto, sin embargo, m\u00e1s sus propiedades medicinales y no su valor como alimento, consider\u00e1ndose laxativas y reguladoras del aparato digestivo.<\/p>\n<p style=\"text-align: justify;\"><strong>23.<\/strong> Al parecer, el uso de <strong>harina de casta\u00f1a<\/strong> para preparar pan no sobrevivi\u00f3 al paso de los siglos, pues las fuentes \u00e1rabes (Avenzoar, Ibn al-Awwaam) indican que las gentes pobres consum\u00edan pan preparado con harina de casta\u00f1as (y vainas de algarroba secas, bellotas, almendras, etc.) en la Andaluc\u00eda isl\u00e1mica.<\/p>\n<p style=\"text-align: justify;\">Los autores llaman la atenci\u00f3n sobre los efectos adversos de consumir tales panes (obstrucciones biliares, dolores g\u00e1stricos, debido a su riqueza en almid\u00f3n: llegar\u00eda al 70% en algunos casos). En caso de haberse mantenido la tradici\u00f3n, imagino que Juan de Avi\u00f1\u00f3n habr\u00eda hecho alguna observaci\u00f3n al respecto\u2026<\/p>\n<p style=\"text-align: justify;\"><span style=\"color: #800000;\"><strong>Fuentes espec\u00edficas<\/strong><\/span><\/p>\n<ul style=\"text-align: justify;\">\n<li><span style=\"color: #800000;\">Conedera, M.; Krebs, P.; Tinner, W.; Pradella, M.; Torriani, D. 2004. The cultivation of <em>Castanea sativa<\/em> (Mill.) in Europe, from its origin to its diffusion on a continental scale. <em>Veget Hist Archaeobot<\/em> 13:161\u2013179.<\/span><\/li>\n<li><span style=\"color: #800000;\">Garc\u00eda S\u00e1nchez, E. 1983. La alimentaci\u00f3n en la Andaluc\u00eda isl\u00e1mica. Estudio Hist\u00f3rico y BromatoI\u00f3gico. I: Cereales y leguminosas. <em>Andaluc\u00eda Isl\u00e1mica. Textos y estudios<\/em>, II-III, pp. 139-178.<\/span><\/li>\n<\/ul>\n<p style=\"text-align: center;\">*<\/p>\n<h2 style=\"padding-left: 30px; text-align: justify;\"><strong>Olivo (aceitunas, aceite de oliva; <em>Olea europaea<\/em>)<\/strong><\/h2>\n<p style=\"text-align: justify;\"><strong>24.<\/strong> Lo cierto es que existir\u00eda una diferencia entre <strong>aceite<\/strong> preparado a partir de olivas verdes, y olivas maduras.<\/p>\n<p style=\"text-align: justify;\">El aceite de olivas verdes, llamado \u201confancino\u201d en fuentes farmac\u00e9uticas del siglo XVI, era un ingrediente en la preparaci\u00f3n de \u201cazeite rrosado onfancino\u201d (<em>onfacino<\/em>), se consideraba astringente ya desde tiempos andalus\u00edes (aunque las fuentes \u00e1rabes parecen llamar \u201confacino\u201d a otra clase de aceite\u2026).<\/p>\n<p style=\"text-align: justify;\">En cambio, el aceite procedente de aceitunas maduras es un laxante suave reconocido por la bot\u00e1nica farmac\u00e9utica actual.<\/p>\n<p style=\"text-align: justify;\"><strong>25.<\/strong> Las <strong>aceitunas<\/strong>, efectivamente, no pueden comerse directamente del \u00e1rbol, sino que tienen que someterse a un proceso de salado y ali\u00f1ado, o adobado, antes de consumirse. Juan de Avi\u00f1\u00f3n recomienda el hinojo (<em>Foeniculum vulgare<\/em>) para ello, aunque se puedan usar muchas otras. Tambi\u00e9n menciona al or\u00e9gano (<em>Origanum vulgare<\/em>), y el lim\u00f3n (<em>Citrus limon<\/em>), un ali\u00f1o que, al parecer, heredamos de los \u00e1rabes (si bien no est\u00e1 bien diferenciado en las fuentes hist\u00f3ricas si se trata de limones, o de limas, pues la biolog\u00eda de los c\u00edtricos es especialmente complicada, como se ver\u00e1 m\u00e1s adelante\u2026).<\/p>\n<p style=\"text-align: justify;\"><a href=\"http:\/\/www.historiacocina.com\/es\/wp-content\/uploads\/2014\/12\/olea-europaea.jpg\"><img decoding=\"async\" loading=\"lazy\" class=\"size-full wp-image-7250 aligncenter\" src=\"http:\/\/www.historiacocina.com\/es\/wp-content\/uploads\/2014\/12\/olea-europaea.jpg\" alt=\"olea-europaea\" width=\"579\" height=\"389\" srcset=\"https:\/\/www.historiacocina.com\/es\/wp-content\/uploads\/2014\/12\/olea-europaea.jpg 579w, https:\/\/www.historiacocina.com\/es\/wp-content\/uploads\/2014\/12\/olea-europaea-300x201.jpg 300w, https:\/\/www.historiacocina.com\/es\/wp-content\/uploads\/2014\/12\/olea-europaea-446x300.jpg 446w\" sizes=\"(max-width: 579px) 100vw, 579px\" \/><\/a><strong>26.<\/strong> Al parecer, el <strong>aceite de oliva<\/strong> era una grasa ampliamente usada en tiempos andalus\u00edes (algo, imagino yo, normal y necesario, dada la prohibici\u00f3n religiosa de usar manteca de cerdo). En territorios cristianos, qued\u00f3 unido a la imagen de \u201cgrasa para los d\u00edas de abstinencia\u201d\u2014y, por tanto, unido tambi\u00e9n a lo que se com\u00eda en sustituci\u00f3n de la carne: el pescado.<\/p>\n<p style=\"text-align: justify;\">Parad\u00f3jicamente, ello parece, por una parte, haber fomentado su consumo (puesto que no hab\u00eda otras alternativas para los d\u00edas de abstinencia), pero d\u00e1ndole una connotaci\u00f3n negativa, y convirti\u00e9ndola en grasa poco deseada en las cocinas durante muchos siglos.<\/p>\n<p style=\"text-align: justify;\"><span style=\"color: #800000;\"><strong>Fuentes espec\u00edficas<\/strong><\/span><\/p>\n<ul style=\"text-align: justify;\">\n<li><span style=\"color: #800000;\">Montanari, M. \u2018L\u2019Occidente cristiano\u2019, en Montanari, M. y Sabban, F. (eds). 2006. <em>Storia e geografia dell\u2019alimentazione_1: Risorse, scambi, consumi<\/em>. UTET: 153-172.<\/span><\/li>\n<li><span style=\"color: #800000;\">P\u00e9rez Samper, M. A.1998. <em>La alimentaci\u00f3n en la Espa\u00f1a del Siglo de Oro: Domingo Hern\u00e1ndez de Maceras, \u201cLibro del Arte de Cocina\u201d<\/em>. La Val de Onsera.<\/span><\/li>\n<\/ul>\n<p style=\"text-align: center;\">*<\/p>\n<h2 style=\"padding-left: 30px; text-align: justify;\"><strong>Azufaifo (<em>Ziziphus jujuba<\/em>)<\/strong><\/h2>\n<p style=\"text-align: justify;\"><strong>27.<\/strong> Del g\u00e9nero <em>Ziziphus,<\/em> la palabra <em><strong>azufaifo<\/strong><\/em> podr\u00eda referirse tanto al llamado salvaje (<em>Z. lotus<\/em>) como al cultivado (<em>Z. jujuba<\/em>), de origen oriental y con frutos comestibles, que ya era conocido y cultivado en tiempos andalus\u00edes.<\/p>\n<p style=\"text-align: justify;\">Asumir\u00e9 que, al no haber referencias espec\u00edficas al azufaifo salvaje, Juan de Avi\u00f1\u00f3n est\u00e1 hablando del cultivado, <em>Z. jujuba<\/em>.<\/p>\n<p style=\"text-align: justify;\">Mis fuentes de bot\u00e1nica farmac\u00e9utica indican que los frutos del azufaifo se usan tradicionalmente para problemas orales y de faringe.<\/p>\n<p style=\"text-align: center;\">*<\/p>\n<h2 style=\"padding-left: 30px; text-align: justify;\"><strong>Cidra (<em>Citrus medica<\/em>)<\/strong><\/h2>\n<p style=\"text-align: justify;\"><strong>28.<\/strong> La <strong>cidra<\/strong> o cidro es el primer c\u00edtrico que llega al Mediterr\u00e1neo, ya en la antig\u00fcedad cl\u00e1sica (Teofrasto parece ser quien, en el s. IV aC, menciona la cidra por primera vez en Occidente). Se consideraba proveniente de Persia (o Media).<\/p>\n<p style=\"text-align: justify;\">Es, al parecer, una de las pocas especies reconocidas por los tax\u00f3nomos como \u201cverdaderas especies\u201d dentro del g\u00e9nero <em>Citrus.<\/em><\/p>\n<p style=\"text-align: justify;\">Gozaba de gran popularidad medicinal, pero fue perdiendo progresivamente su importancia con la llegada de otros c\u00edtricos a partir de tiempos \u00e1rabes, como las naranjas amargas, las limas o limones.<\/p>\n<p style=\"text-align: justify;\"><strong>29.<\/strong> La corteza de cidra confitada era lo que se conoc\u00eda como <em>acitr\u00f3n<\/em> o <em>diacitr\u00f3n;<\/em> cortezas de cidra, al igual que las simientes, figuraban en las boticas del s. XVI.<\/p>\n<p style=\"text-align: justify;\"><strong>30.<\/strong> La propiedad del <strong>zumo de cidra<\/strong> de quitar manchas del rostro es algo que pasa a considerarse, en el s. XVI, propiedad del zumo de lim\u00f3n (entre \u00e9ste y la cidra no parece hacerse entonces mucha diferencia). Tanto es as\u00ed, que en <em>La Celestina<\/em> aparece el lim\u00f3n como componente de aceites para el rostro.<\/p>\n<p style=\"text-align: justify;\"><span style=\"color: #800000;\"><strong>Fuentes espec\u00edficas<\/strong> (<em>aunque tambi\u00e9n han sido \u00fatiles para comprobaci\u00f3n de otros frutos<\/em>)<\/span><\/p>\n<ul style=\"text-align: justify;\">\n<li><span style=\"color: #800000;\">Pardo de Santayana, M.; Garc\u00eda-Villaraco, A.; Rey Bueno, M. y Morales, R. 2011. Naturaleza a trav\u00e9s de la bot\u00e1nica y zoolog\u00eda en la literatura renacentista espa\u00f1ola: La Celestina. <em>Asclepio. Revista de Historia de la Medicina y de la Ciencia<\/em> 63 (1): 249-292<\/span><\/li>\n<\/ul>\n<p style=\"text-align: center;\">*<\/p>\n<h2 style=\"padding-left: 30px; text-align: justify;\"><strong>Palmera datilera (<em>Phoenix dactylifera<\/em>)<\/strong><\/h2>\n<p style=\"text-align: justify;\">31. El <strong>d\u00e1til<\/strong> es fruto de la palmera datilera, de largu\u00edsima tradici\u00f3n agr\u00edcola y m\u00edtica desde tiempos sumerios y babilonios. He hallado referencias a su llegada a la pen\u00ednsula tanto gracias a los fenicios, como a los \u00e1rabes, cultura que ten\u00eda a la palmera como \u00e1rbol c\u00f3smico por excelencia.<\/p>\n<p style=\"text-align: justify;\">Respecto a la \u201cmaldici\u00f3n gitana\u201d datilera, no puedo matizar demasiado respecto a hinchazones y cerrazones varias, pero quedarse sin dientes no me parece una consecuencia descabellada: el d\u00e1til es un fruto con elevad\u00edsimos niveles de az\u00facar (hasta el 88% de su peso seco en d\u00e1tiles maduros), as\u00ed que abusar de ellos pr\u00e1cticamente equivaldr\u00eda a caries dental segura.<\/p>\n<p style=\"text-align: justify;\"><span style=\"color: #800000;\"><strong>Fuentes espec\u00edficas<\/strong><\/span><\/p>\n<ul style=\"text-align: justify;\">\n<li><span style=\"color: #800000;\">Chao, CC. T. y Krueger, R. R. 2007. The Date Palm (<em>Phoenix dactylifera<\/em> L.): Overview of Biology, Uses, and Cultivation. <em>HortScience<\/em> 42 (5): 1077-1082.<\/span><\/li>\n<li><span style=\"color: #800000;\">Nixon, R. W. 1951. The Date Palm: \u00abTree of Life\u00bb in the Subtropical Deserts. <em>Economic Botany<\/em> 5 (3): 274-301.<\/span><\/li>\n<\/ul>\n<p style=\"text-align: center;\">*<\/p>\n<h2 style=\"padding-left: 30px; text-align: justify;\"><strong>Almendro (<em>Prunus dulcis<\/em>)<\/strong><\/h2>\n<p style=\"text-align: justify;\"><strong>32.<\/strong> El <strong>almendro<\/strong>, <em>Prunus dulcis<\/em> (si bien su nombre cient\u00edfico var\u00eda en funci\u00f3n de autores y de a\u00f1os\u2026 lo he visto como <em>Prunus amygdalus,<\/em> <em>Amygdalus communis<\/em>\u2026), es un \u00e1rbol cuyos frutos fueron recogidos y consumidos en el Mediterr\u00e1neo oriental mucho antes de ser domesticado, hacia el 3er mil. aC. Pertenecer\u00eda al conjunto de especies domesticadas \u201cde segunda generaci\u00f3n\u201d, junto con la vid, el olivo y la palmera datilera.<\/p>\n<p style=\"text-align: justify;\">Se cultivan dos variedades principales: de almendras dulces (<em>P. dulcis<\/em> var <em>dulcis),<\/em> y amargas (<em>P. dulcis<\/em> var <em>amara).<\/em><\/p>\n<p style=\"text-align: justify;\">Los frutos del ancestro salvaje del almendro son amargos: acogi\u00e9ndose a la cianog\u00e9nesis como mecanismo de defensa, contienen <a title=\"Vegetales t\u00f3xicos para cenar: \u00bfpeligro, o necesidad?\" href=\"https:\/\/www.historiacocina.com\/es\/vegetales-toxicos\" target=\"_blank\">amigdalina<\/a> en cantidades suficientes como para provocar la muerte tras la ingesta de unos cuantos pu\u00f1ados de almendras.<\/p>\n<p style=\"text-align: justify;\">La variedad amarga del almendro contiene a\u00fan amigdalina, siendo responsable del sabor caracter\u00edstico de dulces como los <em>amaretti<\/em> italianos (\u201camarguitos\u201d)\u2014y letal, si se consumen demasiadas de golpe.<\/p>\n<p style=\"text-align: justify;\">Las almendras contienen una proporci\u00f3n notable de l\u00edpidos (50%), que permiten la extracci\u00f3n del <strong>aceite de almendras<\/strong>, con propiedades emolientes (sin embargo, no estoy segura de si Juan de Avi\u00f1\u00f3n estaba pensando en eso cuando dec\u00eda que mundificaban los pechos y otras partes de la anatom\u00eda\u2026 que, por cierto, seg\u00fan el diccionario, mundificar ser\u00eda \u201c<em>limpiar o purificar una parte enferma del cuerpo<\/em>\u201d, sobre todo heridas).<\/p>\n<p style=\"text-align: justify;\">No s\u00e9 si las amargas ser\u00edan m\u00e1s abrideras, pero sin duda s\u00ed mucho m\u00e1s t\u00f3xicas; en su justa medida, \u00bfquiz\u00e1s ello podr\u00eda justificar la afirmaci\u00f3n de Juan de Avi\u00f1\u00f3n respecto a su mayor capacidad \u201cmundificativa\u201d?<\/p>\n<p style=\"text-align: center;\">*<\/p>\n<h2 style=\"padding-left: 30px; text-align: justify;\"><strong>Nuez, nogal (<em>Juglans regia<\/em>)<\/strong><\/h2>\n<p style=\"text-align: justify;\"><strong>32.<\/strong> El <strong>nogal<\/strong> es \u00e1rbol del que no s\u00f3lo los frutos, sino tambi\u00e9n la madera ha sido muy apreciada a lo largo de la historia.<\/p>\n<p style=\"text-align: justify;\">Mis fuentes apuntan a que el lugar de domesticaci\u00f3n m\u00e1s probable fuese el C\u00e1ucaso y regiones septentrionales de Ir\u00e1n.<\/p>\n<p style=\"text-align: justify;\">Se han hallado restos de nueces que se remontan a la Edad del Hierro en Europa; en Espa\u00f1a, parece que exista una especie aut\u00f3ctona (<em>J. hispanica<\/em>) anterior a la llegada, como tarde en tiempos romanos, del nogal de Persia (pues as\u00ed lo llamaban griegos y romanos).<\/p>\n<p style=\"text-align: justify;\">Su uso como antivenenos mezclado con higos y ruda vuelve a ser un gui\u00f1o a Plinio el Viejo y la supuesta f\u00f3rmula mitrid\u00e1tica heredada de Mitr\u00eddates VI de Ponto.<\/p>\n<p style=\"text-align: justify;\"><span style=\"color: #800000;\"><strong>Fuentes espec\u00edficas<\/strong><\/span><\/p>\n<ul style=\"text-align: justify;\">\n<li><span style=\"color: #800000;\">Aradhya, M. K.; Potter, D; Simon, C. J. \u2018Cladistic Biogeography of <em>Juglans<\/em> (Juglandaceae) Based on Chloroplast DNA Intergenic Spacer Sequences\u2019, en Motley, T. J; Zerega, N; Cross, H. (2006). <em>Darwin\u2019s Harvest. New Approaches to the Origins, Evolution, and Conservation of Crops<\/em>. Columbia University Press, NY, USA: 143-170.<\/span><\/li>\n<li><span style=\"color: #800000;\">Rivera, D.; Ob\u00f3n, C. R\u00edos, S.; Alcaraz, F. y Verde, A. El nogal rinconero (<em>Juglans hispanica<\/em>). \u00bfUna especie, una variedad, un h\u00edbrido? <a style=\"color: #800000;\" href=\"https:\/\/www.academia.edu\/1489671\/El_nogal_rinconero_Juglans_hispanica_._Una_especie_una_variedad_un_h%C3%ADbrido\" target=\"_blank\">Disponible en su versi\u00f3n web en Academia.edu<\/a>.<\/span><\/li>\n<\/ul>\n<p style=\"text-align: center;\">*<\/p>\n<h2 style=\"padding-left: 30px; text-align: justify;\"><strong>Avellana, avellano (<em>Corylus avellana<\/em>)<\/strong><\/h2>\n<p style=\"text-align: justify;\"><strong>33.<\/strong> El <strong>avellano<\/strong> es \u00e1rbol apreciado al menos desde tiempos neol\u00edticos, mucho antes de proporcionar materia prima para la nocilla de la merienda. Al parecer, desconocemos exactamente cu\u00e1ndo y c\u00f3mo empez\u00f3 su cultivo, pero nos consta que los romanos ya lo propagaban.<\/p>\n<p style=\"text-align: justify;\">Una especie hermana y originaria de la zona balc\u00e1nica, <em>C. maxima<\/em>, tambi\u00e9n proporciona avellanas, y es posible que los avellanos conocidos y propagados en Al Andalus fuesen h\u00edbridos entre estas dos especies (con alguna otra adicional, ej. <em>C. colurna<\/em>).<\/p>\n<p style=\"text-align: justify;\">En el Diosc\u00f3rides de Salamanca aparecen como nueces \u201cmalas para el est\u00f3mago\u201d, pero actualmente la avellana no se lista entre las partes del avellano con propiedades medicinales especialmente dignas de menci\u00f3n.<\/p>\n<p style=\"text-align: center;\">*<\/p>\n<h2 style=\"padding-left: 30px; text-align: justify;\"><strong>Pistacho, alf\u00f3cigo (<em>Pistacia vera<\/em>)<\/strong><\/h2>\n<p style=\"text-align: justify;\"><strong>34.<\/strong> Los <strong>alf\u00f3cigos<\/strong> (alf\u00f3ncigos, alf\u00f3nsigos, alh\u00f3cigos) son lo que hoy conocemos como pistachos.<\/p>\n<p style=\"text-align: justify;\"><a href=\"http:\/\/www.historiacocina.com\/es\/wp-content\/uploads\/2014\/12\/pistaciavera.jpg\"><img decoding=\"async\" loading=\"lazy\" class=\"size-full wp-image-7251 aligncenter\" src=\"http:\/\/www.historiacocina.com\/es\/wp-content\/uploads\/2014\/12\/pistaciavera.jpg\" alt=\"pistaciavera\" width=\"579\" height=\"389\" srcset=\"https:\/\/www.historiacocina.com\/es\/wp-content\/uploads\/2014\/12\/pistaciavera.jpg 579w, https:\/\/www.historiacocina.com\/es\/wp-content\/uploads\/2014\/12\/pistaciavera-300x201.jpg 300w, https:\/\/www.historiacocina.com\/es\/wp-content\/uploads\/2014\/12\/pistaciavera-446x300.jpg 446w\" sizes=\"(max-width: 579px) 100vw, 579px\" \/><\/a>Es planta originaria de las regiones centro-asi\u00e1ticas, y fue introducida en el Mediterr\u00e1neo no mucho antes del per\u00edodo cl\u00e1sico. Parece haber sido cultivada en Al Andalus, pero su cultivo se perdi\u00f3 tras el per\u00edodo hispano-\u00e1rabe. Es pariente del lentisco y del terebinto, siendo uno de los \u201cfrutales\u201d domesticados que mejor resisten la sequ\u00eda.<\/p>\n<p style=\"text-align: center;\">*<\/p>\n<h2 style=\"padding-left: 30px; text-align: justify;\"><strong>Pi\u00f1ones, pino pi\u00f1onero (<em>Pinus pinea<\/em>)<\/strong><\/h2>\n<p style=\"text-align: justify;\"><strong>35.<\/strong> Los <strong>pi\u00f1ones<\/strong> europeos se recogen del pino pi\u00f1onero, especie no domesticada, aunque su cultivo s\u00ed parece haber sido favorecido por civilizaciones como la romana en tiempos antiguos. En la pen\u00ednsula han sido un recurso aprovechado al menos desde tiempos neol\u00edticos.<\/p>\n<p style=\"text-align: justify;\">No me consta que existan distintos tama\u00f1os en los pi\u00f1ones de esta especie \u2014o al menos, no de modo tan regular como para justificar la diferenciaci\u00f3n entre pi\u00f1ones macho y hembra (s\u00ed consta que los pi\u00f1ones del pino de Alepo, <em>P. halepensis<\/em>, pueden ser comidos, pero no es una especie que se aproveche com\u00fanmente por sus pi\u00f1ones).<\/p>\n<p style=\"text-align: justify;\">El <em>cogombro,<\/em> con cuyas semillas deber\u00eda tomarse para obtener tan ben\u00e9ficos efectos, deber\u00eda ser una cucurbit\u00e1cea, pero no estoy segura de cu\u00e1l; hay quien dice \u201ctipo de pepino\u201d (<em>Cucumis sativus<\/em>), otros que dicen \u201ctipo de mel\u00f3n\u201d (<em>Cucumis melo<\/em> supsp <em>flexuosum,<\/em> que deber\u00eda haber sido incluido en <em>Cucumis melo<\/em> sin m\u00e1s). En el Diosc\u00f3rides de Salamanca, son las semillas de pepino las que se aconsejan para obtener efectos diur\u00e9ticos y tratar afecciones de vejiga (pero no se hace referencia alguna a pi\u00f1ones en la preparaci\u00f3n; de \u00e9stos se dice que son buenos para la tos, recomendaci\u00f3n que recoge Juan de Avi\u00f1\u00f3n\u2026 no he hallado indicaciones al respecto en mis apuntes de bot\u00e1nica farmac\u00e9utica).<\/p>\n<p style=\"text-align: justify;\">Quiz\u00e1s \u00e9stos sean los \u00fanicos, entre todos los tratados en esta secci\u00f3n, que <strong>no sea bot\u00e1nicamente ni fruto, ni parte de un fruto<\/strong>, puesto que s\u00f3lo las angiospermas desarrollan tal estructura, mientras que el pino pi\u00f1onero es una gimnosperma. Sin embargo, son consideraciones que dejar\u00e9 para otro d\u00eda\u2026<\/p>\n<p style=\"text-align: justify;\"><span style=\"color: #800000;\"><strong>Fuentes espec\u00edficas<\/strong><\/span><\/p>\n<ul style=\"text-align: justify;\">\n<li><span style=\"color: #800000;\">Climent Giner, D; Mart\u00edn Cantarino, C. y Laguna Lumbreras, E. 2013\/2014. Etnobot\u00e1nica infantil comestible: aquellos alimentos silvestres de ni\u00f1os y adolescentes. <em>M\u00e8tode<\/em> 80 &#8211; <em>La ciencia de la prensa: Retos y tendencias de la divulgaci\u00f3n de la ciencia<\/em>: 17-25.<\/span><\/li>\n<\/ul>\n<p style=\"text-align: center;\">*<\/p>\n<h2 style=\"padding-left: 30px; text-align: justify;\"><strong>C\u00edtricos <em>(Citrus<\/em> spp)<\/strong><\/h2>\n<p style=\"text-align: justify;\"><strong>36.<\/strong> El caos c\u00edtrico de Juan de Avi\u00f1\u00f3n es algo que, tras escarbar un poco sobre las relaciones taxon\u00f3micas de estos vegetales, casi me parece comprensible y digno de ser disculpado.<\/p>\n<p style=\"text-align: justify;\">Aunque no nos lo parezca, la divisi\u00f3n gen\u00e9tica entre naranjas, limones y limas, es de todo menos clara, y si el razonamiento del pobre Juan es enmara\u00f1ado, las relaciones de parentesco e hibridaci\u00f3n en c\u00edtricos seguro que le ganan\u2026<\/p>\n<p style=\"text-align: justify;\"><strong>37.<\/strong> Los c\u00edtricos, que denominar\u00e9 en sentido bastante laxo como <strong>especies agrupadas en el g\u00e9nero <\/strong><em><strong>Citrus<\/strong>,<\/em> son de origen oriental; hibridan con una facilidad pasmosa entre s\u00ed\u2014algo que, unido a su facilidad para reproducirse asexualmente a partir de semillas cl\u00f3nicas (apomixis), complica bastante el estudio de sus relaciones familiares.<\/p>\n<p style=\"text-align: justify;\">Al parecer, actualmente las <strong>\u00fanicas especies verdaderas aceptadas<\/strong> por la mayor\u00eda de tax\u00f3nomos son tres: la <strong>cidra<\/strong> (<em>C. medica<\/em>), la <strong>pampelmusa<\/strong> (<em>C. maxima<\/em>) y el <strong>mandarino<\/strong> (<em>C. reticulata<\/em>; ojo, que no necesariamente todo lo que llamamos com\u00fanmente \u201cmandarina\u201d es, bot\u00e1nicamente, equivalente a <em>C. reticulata<\/em>). De todas estas, la primera en llegar al Mediterr\u00e1neo occidental fue la cidra, a la que ya hemos hecho referencia antes.<\/p>\n<p style=\"text-align: justify;\">Los c\u00edtricos que llegaron <strong>con los \u00e1rabes<\/strong> fueron el <strong>lim\u00f3n<\/strong> (<em>C. limon<\/em>), la <strong>lima \u00e1cida<\/strong> (<em>C. aurantiifolia<\/em>), la <strong>pampelmusa,<\/strong> y la <strong>naranja amarga<\/strong> (<em>C. aurantium<\/em>); otras mucho menos conocidas actualmente ser\u00edan la <strong>limeta<\/strong> (<em>C. limetta<\/em>) y la <strong>lima dulce de Palestina<\/strong> (<em>C. limettioides<\/em>).<\/p>\n<p style=\"text-align: justify;\">En los siglos posteriores, nuevos c\u00edtricos se a\u00f1adieron a la colecci\u00f3n occidental gracias a las relaciones comerciales de portugueses e ingleses en Oriente, como el pomelo (<em>C. paradisi<\/em>), la naranja dulce (<em>C. sinensis<\/em>) o la mandarina (<em>C. reticulata<\/em>).<\/p>\n<p style=\"text-align: justify;\"><a href=\"http:\/\/www.historiacocina.com\/es\/wp-content\/uploads\/2014\/12\/citrus.jpg\"><img decoding=\"async\" loading=\"lazy\" class=\"size-full wp-image-7247 aligncenter\" src=\"http:\/\/www.historiacocina.com\/es\/wp-content\/uploads\/2014\/12\/citrus.jpg\" alt=\"citrus\" width=\"389\" height=\"579\" srcset=\"https:\/\/www.historiacocina.com\/es\/wp-content\/uploads\/2014\/12\/citrus.jpg 389w, https:\/\/www.historiacocina.com\/es\/wp-content\/uploads\/2014\/12\/citrus-201x300.jpg 201w\" sizes=\"(max-width: 389px) 100vw, 389px\" \/><\/a>Las diferencias entre ellas son, en algunos casos, lo suficientemente sutiles como para convertir el g\u00e9nero <em>Citrus<\/em> en una pesadilla para quienes quieren clasificarlas \u201ccorrectamente\u201d.<\/p>\n<p style=\"text-align: justify;\"><strong>38.<\/strong> La naranja de Juan de Avi\u00f1\u00f3n, si corresponde al grupo que hoy llamamos \u201cnaranjas\u201d, corresponder\u00eda a la <strong>naranja amarga<\/strong> (hoy bastante desplazada por la dulce, introducida posteriormente y cuyo uso es, a\u00fan hoy, fundamentalmente medicinal, arom\u00e1tico, y utilizado en todo caso para mermeladas y dulces concretos): <em>Citrus aurantium<\/em>. Podr\u00eda ser un h\u00edbrido entre pampelmusa (<em>C. maxima<\/em>) y mandarino. De su corteza puede prepararse, al parecer, una infusi\u00f3n descongestiva.<\/p>\n<p style=\"text-align: justify;\"><strong>39.<\/strong> Las <strong>limas<\/strong> y los <strong>limones,<\/strong> no sin cierto motivo, son malamente distinguidos por Juan de Avi\u00f1\u00f3n, que los relaciona con la cidra; gen\u00e9ticamente las pruebas parecen darle la raz\u00f3n, puesto que <em>C. medica<\/em> es un supuesto progenitor tanto en los limones como en las distintas especies de limas, limetas, etc. Para terminar de arreglarlo, la lima agria podr\u00eda ser uno de los progenitores del lim\u00f3n.<\/p>\n<p style=\"text-align: justify;\">Las palabras comunes de poco parecen servirnos para reflejar fielmente el caos gen\u00e9tico y taxon\u00f3mico de <em>Citrus\u2026<\/em> as\u00ed que, yo le perdonar\u00eda a Juan de Avi\u00f1\u00f3n sus intentos por aclararse entre tanto c\u00edtrico parecido (y procurar\u00e9 hacerme con alg\u00fan ejemplar de estas limas y limetas extra\u00f1as de las que jam\u00e1s hab\u00eda o\u00eddo hablar antes de ahora, y que me parecen fascinantes\u2026).<\/p>\n<p style=\"text-align: center;\">***<\/p>\n<h2 style=\"padding-left: 30px; text-align: justify;\"><strong>Fuentes comunes<\/strong><\/h2>\n<p style=\"text-align: justify;\"><em><strong>Referencias a la bot\u00e1nica farmac\u00e9utica actualmente reconocida<\/strong><\/em>, salidas generalmente de: Maugini, E.; Maleci Bini, L.; Mariotti Lippi, M. 2006. <em>Manuale de Botanica Farmaceutica (VIII Edizione)<\/em>. Piccin Nuova Libraria.<\/p>\n<p style=\"text-align: justify;\"><em><strong>Diosc\u00f3rides de Salamanca<\/strong><\/em>: manuscrito digitalizado, datizado y convertido en portal de internet accesible aqu\u00ed.<\/p>\n<p style=\"text-align: justify;\"><em><strong>Referencias a las boticas castellanas del s. XVI<\/strong><\/em>: Davis, C. y L\u00f3pez Terrada, M\u00aa L. 2010. Protomedicato y Farmacia en Castilla a finales del siglo XVI: Edici\u00f3n cr\u00edtica del Cat\u00e1logo de las cosas que los boticarios han de tener en sus boticas, de Andr\u00e9s Zamudio de Alfaro, Protom\u00e9dico General (1592-1599). <em>Asclepio<\/em> 62 (2): 579-626.<\/p>\n<p style=\"text-align: justify;\"><em><strong>Referencias al comentario de Andr\u00e9s Laguna al Diosc\u00f3rides<\/strong><\/em> (<em>De Materia Medica<\/em>), referidas a la edici\u00f3n de 1638, libremente accesible en Google Books.<\/p>\n<p style=\"text-align: justify;\"><em><strong>Referencias a las fechas de domesticaci\u00f3n<\/strong><\/em> de la mayor\u00eda de frutas mencionadas, en: Zohary, D. y Hopf, M. 2000. <em>Domestication of Plants in the Old World<\/em> (3rd Edition). Oxford University Press (aunque tambi\u00e9n he realizado alguna consulta a la edici\u00f3n de 2012).<\/p>\n<p style=\"text-align: justify;\"><em><strong>Referencias a conocimientos bot\u00e1nicos y agronom\u00eda andalus\u00ed<\/strong><\/em>, a partir de: Carabaza Bravo, J. M.; Garc\u00eda S\u00e1nchez, E.; Hern\u00e1ndez Bermejo, J. E.; y Jim\u00e9nez Ram\u00edrez, A. 2004. <em>\u00c1rboles y Arbustos en Al-Andalus (Estudios \u00c1rabes e Isl\u00e1micos: Monograf\u00edas. 8)<\/em>. Consejo Superior de Investigaciones Cient\u00edficas, Madrid.<\/p>\n<p style=\"text-align: justify;\">Numeros\u00edsimas e interesantes <em><strong>referencias bot\u00e1nicas, etnobot\u00e1nicas e hist\u00f3ricas<\/strong><\/em>, en la obra de Rivera N\u00fa\u00f1ez et al. 1998. <em>Las variedades tradicionales de frutales de la cuenca del r\u00edo Segura. Cat\u00e1logo Etnobot\u00e1nico. C\u00edtricos, frutos carnosos y vides<\/em>. DM (puede descargarse de Academia.edu, cuenta del investigador Alonso Verde).<\/p>\n<p style=\"text-align: justify;\">Los art\u00edculos que listan <em><strong>vocabulario bot\u00e1nico en obras de la Espa\u00f1a moderna<\/strong><\/em> han sido muy \u00fatiles, como p. ej.:<\/p>\n<ul style=\"text-align: justify;\">\n<li>Morales, R. 2005. Glosario de alusiones a vegetales en las obras completas de Cervantes. <em>Anales Cervantinos<\/em> 38: 267-295.<\/li>\n<li>Ram\u00f3n\u2013Laca Men\u00e9ndez de Luarca, L. y Tard\u00edo Pato, F. J. 2005. Productos vegetales utilizados en Madrid entre los siglos XIV y XIX. <em>Asclepio<\/em> 57 (2): 25-44.<\/li>\n<\/ul>\n<p style=\"text-align: justify;\">El sistema <a title=\"Anthos\" href=\"http:\/\/anthos.es\" target=\"_blank\">anthos.es<\/a> (del Real Jard\u00edn Bot\u00e1nico de Madrid), que permite acceder a las p\u00e1ginas de la Flora Iberica correspondientes a cada especie localizada, tambi\u00e9n ofrece un <em><strong>listado de nombres comunes<\/strong><\/em> para cada vegetal.<\/p>\n<p style=\"text-align: justify;\">El libro al que acudo para<em><strong> referencias generales sobre vegetales comestibles<\/strong><\/em>, de donde p. ej. he obtenido datos relativos a la composici\u00f3n bioqu\u00edmica de algunos frutos, es: Vaughan, J. G. y Geissler, C. A. 2009. <em>The New Oxford Book of Food Plants<\/em> (2nd ed.). Oxford University Press.<\/p>\n<p><script type=\"mce-text\/javascript\">\/\/ <![CDATA[\nvar _gaq = _gaq || [];   _gaq.push(['_setAccount', 'UA-31227422-1']);   _gaq.push(['_trackPageview']);   (function() {     var ga = document.createElement('script'); ga.type = 'text\/javascript'; ga.async = true;     ga.src = ('https:' == document.location.protocol ? 'https:\/\/ssl' : 'http:\/\/www') + '.google-analytics.com\/ga.js';     var s = document.getElementsByTagName('script')[0]; s.parentNode.insertBefore(ga, s);   })();\n\/\/ ]]><\/script><\/p>\n","protected":false},"excerpt":{"rendered":"<p>Juan de Avi\u00f1\u00f3n pod\u00eda ser un (\u00bfbuen?) galeno, pero no era cient\u00edfico\u2014m\u00e1s que nada, porque tal concepto ni siquiera se hab\u00eda inventado por aquel entonces. Por ello, como invitada de Carlos a comentar los pasajes relacionados con los vegetales, mi &hellip; <a href=\"https:\/\/www.historiacocina.com\/es\/historia-de-las-frutas-en-la-baja-edad-media-sevilla-2\">Sigue leyendo <span class=\"meta-nav\">&rarr;<\/span><\/a><\/p>\n","protected":false},"author":14,"featured_media":0,"comment_status":"open","ping_status":"open","sticky":false,"template":"","format":"standard","meta":{"_mi_skip_tracking":false,"_exactmetrics_sitenote_active":false,"_exactmetrics_sitenote_note":"","_exactmetrics_sitenote_category":0},"categories":[61,59,71,25,161,27,3,157,24,26,4,156,75,85],"tags":[637,707,705,711,713,709,720,718,719,702,721,704,722,726,225,703,697,696,131,725,723,714,706,717,699,700,724,712,708,715,727,716,710,698,701],"aioseo_notices":[],"jetpack_featured_media_url":"","_links":{"self":[{"href":"https:\/\/www.historiacocina.com\/es\/wp-json\/wp\/v2\/posts\/7246"}],"collection":[{"href":"https:\/\/www.historiacocina.com\/es\/wp-json\/wp\/v2\/posts"}],"about":[{"href":"https:\/\/www.historiacocina.com\/es\/wp-json\/wp\/v2\/types\/post"}],"author":[{"embeddable":true,"href":"https:\/\/www.historiacocina.com\/es\/wp-json\/wp\/v2\/users\/14"}],"replies":[{"embeddable":true,"href":"https:\/\/www.historiacocina.com\/es\/wp-json\/wp\/v2\/comments?post=7246"}],"version-history":[{"count":11,"href":"https:\/\/www.historiacocina.com\/es\/wp-json\/wp\/v2\/posts\/7246\/revisions"}],"predecessor-version":[{"id":7349,"href":"https:\/\/www.historiacocina.com\/es\/wp-json\/wp\/v2\/posts\/7246\/revisions\/7349"}],"wp:attachment":[{"href":"https:\/\/www.historiacocina.com\/es\/wp-json\/wp\/v2\/media?parent=7246"}],"wp:term":[{"taxonomy":"category","embeddable":true,"href":"https:\/\/www.historiacocina.com\/es\/wp-json\/wp\/v2\/categories?post=7246"},{"taxonomy":"post_tag","embeddable":true,"href":"https:\/\/www.historiacocina.com\/es\/wp-json\/wp\/v2\/tags?post=7246"}],"curies":[{"name":"wp","href":"https:\/\/api.w.org\/{rel}","templated":true}]}}