{"id":7288,"date":"2014-12-11T12:29:15","date_gmt":"2014-12-11T11:29:15","guid":{"rendered":"http:\/\/www.historiacocina.com\/es\/?p=7288"},"modified":"2014-12-11T13:52:35","modified_gmt":"2014-12-11T12:52:35","slug":"por-que-nos-gustan-tanto-las-especias","status":"publish","type":"post","link":"https:\/\/www.historiacocina.com\/es\/por-que-nos-gustan-tanto-las-especias","title":{"rendered":"\u201c\u00bfPor qu\u00e9 nos gustan tanto las especias?\u201d Un comentario cr\u00edtico"},"content":{"rendered":"<p style=\"text-align: justify;\"><a href=\"https:\/\/www.historiacocina.com\/es\/somos-2\/aina-s-erice\"><img decoding=\"async\" loading=\"lazy\" class=\"alignleft size-full wp-image-6953\" src=\"http:\/\/www.historiacocina.com\/es\/wp-content\/uploads\/2014\/10\/ainaarti.jpg\" alt=\"ainaarti\" width=\"100\" height=\"123\" \/><\/a>Hace unos d\u00edas <strong>tropec\u00e9 con un art\u00edculo de divulgaci\u00f3n<\/strong> salido del CSIC, \u201c<em>Ciencia en la cocina: \u00bfpor qu\u00e9 nos gustan tanto las especias?<\/em>\u201d.<\/p>\n<p style=\"text-align: justify;\">Las especias son un im\u00e1n natural para mi curiosidad, por lo que fui rauda a leer lo que contaba.<\/p>\n<p style=\"text-align: justify;\"><strong>Qu\u00e9 decepci\u00f3n<\/strong>.<\/p>\n<p style=\"text-align: justify;\">No querr\u00eda que nadie me malinterpretase: es un art\u00edculo bien escrito que escoge un tema interesante. Es m\u00e1s, probablemente les encante a los investigadores que buscan explicaciones darwinianas (de ra\u00edz biol\u00f3gica y evolutiva) a los fen\u00f3menos que observan, y supongo que en general el art\u00edculo gustar\u00e1 a todo el que no haya investigado sobre la historia cultural y gastron\u00f3mica de las especias\u2014y de los libros de cocina.<\/p>\n<p style=\"text-align: justify;\"><!--more--><\/p>\n<p style=\"text-align: justify;\">El <strong>problema<\/strong>, a mi modo de ver, es heredado y est\u00e1 en sus fuentes. En su bibliograf\u00eda, vamos.<\/p>\n<p style=\"text-align: justify;\">Porque <strong>no estoy de acuerdo<\/strong> con los dos <em>trabajos cient\u00edficos sobre los que se basa el art\u00edculo del CSIC<\/em>, y que he le\u00eddo con inter\u00e9s primero, y escepticismo despu\u00e9s; a \u00e9stos me voy a referir (o voy a criticar) en adelante. Su autor es un se\u00f1or estadounidense, Paul Sherman, que se dedica desde hace a\u00f1os a investigar, junto con otros se\u00f1ores y se\u00f1oras, la <strong>Hip\u00f3tesis Antimicrobiana<\/strong>*.<\/p>\n<p style=\"text-align: justify;\">Tal hip\u00f3tesis supone que el <strong>uso de especias en la cocina confiere un valor adaptativo <\/strong>(a tales pr\u00e1cticas culinarias)<strong> por el efecto antimicrobiano que tienen<\/strong>: el comensal que las use &#8216;descontamina&#8217; la comida, evit\u00e1ndose as\u00ed diarreas, intoxicaciones, y dem\u00e1s inc\u00f3modas consecuencias del comer algo en mal estado.<\/p>\n<div id=\"attachment_7290\" style=\"width: 399px\" class=\"wp-caption aligncenter\"><a href=\"http:\/\/www.historiacocina.com\/es\/wp-content\/uploads\/2014\/12\/garam.jpg\"><img aria-describedby=\"caption-attachment-7290\" decoding=\"async\" loading=\"lazy\" class=\"wp-image-7290 size-full\" src=\"http:\/\/www.historiacocina.com\/es\/wp-content\/uploads\/2014\/12\/garam.jpg\" alt=\"garam\" width=\"389\" height=\"579\" srcset=\"https:\/\/www.historiacocina.com\/es\/wp-content\/uploads\/2014\/12\/garam.jpg 389w, https:\/\/www.historiacocina.com\/es\/wp-content\/uploads\/2014\/12\/garam-201x300.jpg 201w\" sizes=\"(max-width: 389px) 100vw, 389px\" \/><\/a><p id=\"caption-attachment-7290\" class=\"wp-caption-text\">Canela, cardamomo, pimienta negra, clavos, hojas de laurel y comino: ingredientes principales de algunas mezclas de <em>garam masala<\/em>.<\/p><\/div>\n<p style=\"text-align: justify;\"><strong>No discuto<\/strong> el inter\u00e9s de tal hip\u00f3tesis, <em>ni siquiera su validez<\/em>.<\/p>\n<p style=\"text-align: justify;\">(Incluso me atrever\u00eda a decir que muy probablemente sea un factor influyente en la utilizaci\u00f3n de especias en la cocina.)<\/p>\n<p style=\"text-align: justify;\">Lo que pasa es que, leyendo los art\u00edculos originales en los que Sherman &amp; c\u00eda exponen tal hip\u00f3tesis, encuentro que <strong>s\u00f3lo han tenido en cuenta explicaciones epic\u00fareas<\/strong> (las comemos \u201cporque tienen buen sabor\u201d), <strong>o biol\u00f3gicas<\/strong> (\u201cporque se cargan a bichos peligrosos\u201d, o \u201cnos hacen sudar\u201d, o \u201cnos aportan nutrientes importantes\u201d, que adem\u00e1s explicar\u00edan en \u00faltimo t\u00e9rmino lo del buen sabor).<\/p>\n<p style=\"text-align: justify;\">Pero las especias han sido una pieza clave en la historia de la gastronom\u00eda en todo el mundo\u2014y, a mi entender, no solo por las causas citadas.<\/p>\n<p style=\"text-align: justify;\">\u00bf<strong>D\u00f3nde est\u00e1<\/strong> un estudio serio de su evoluci\u00f3n (de la gastronom\u00eda, se entiende)?<\/p>\n<p style=\"text-align: justify;\">\u00bfD\u00f3nde han considerado seriamente el impacto de las rutas comerciales, las influencias culturales**, la estratificaci\u00f3n social, las distintas cocinas que conviven en una misma cultura, el prestigio (o falta del mismo) que llevan asociados ciertos ingredientes?<\/p>\n<p style=\"text-align: justify;\">(<strong>Respuesta<\/strong>: No est\u00e1n.)<\/p>\n<p style=\"text-align: justify;\">Los estudios se han realizado a partir de libros de cocina \u201ctradicionales\u201d.<\/p>\n<p style=\"text-align: justify;\">Y, ojo al parche, ellos est\u00e1n convencidos de que \u201clos libros de cocina tradicionales (\u2026) <em>representan un testimonio de las respuestas culinarias de la humanidad en una carrera coevolutiva sin fin contra microorganismos<\/em> [pat\u00f3genos-malos, se entiende] <em>que contaminan los alimentos<\/em>\u201d.<\/p>\n<p style=\"text-align: justify;\">(cursivas m\u00edas, as\u00ed como la definici\u00f3n de microorganismos como \u201cpat\u00f3genos malos\u201d; para los que no lean el idioma de l*s bi\u00f3log*s, en este contexto \u201ccarrera coevolutiva sin fin\u201d viene a decir <em>guerra eterna y sin cuartel<\/em>).<\/p>\n<p style=\"text-align: justify;\"><strong>\u00a1Pero es que no es verdad!<\/strong><\/p>\n<p style=\"text-align: justify;\">Osease s\u00ed, en parte seguro que s\u00ed. Pero los libros de cocina est\u00e1n escritos por personas, con agenda propia, gustos propios, y una variedad de objetivos m\u00e1s rica que el de \u201cdejar constancia de las recetas &#8216;tradicionales&#8217; de su pa\u00eds, para la posteridad\u201d (aunque as\u00ed lo afirmen).<\/p>\n<p style=\"text-align: justify;\"><strong>Se escriben tales libros<\/strong>, por ejemplo, <em>ligados a fen\u00f3menos de nacionalismo emergente<\/em>: no s\u00f3lo la lengua es un factor de fuerte identificaci\u00f3n cultural, sino tambi\u00e9n y sobre todo, la comida (y ah\u00ed tenemos desde catalanes insistiendo en que figure el <em>pa amb tom\u00e0quet<\/em> en el men\u00fa desayuno de sus hoteles, hasta japoneses neg\u00e1ndose a comer arroz que no sea el suyo, el japon\u00e9s de toda la vida).<\/p>\n<p style=\"text-align: justify;\">Los <strong>escriben<\/strong>, sobre todo, <em>gente de las clases medias-altas, para consumo y disfrute de las clases medias-altas<\/em>. Ello significa que no necesariamente cubren todo el espectro gastron\u00f3mico de un pa\u00eds, y bien a prop\u00f3sito&#8230; pues \u00bfqu\u00e9 pinta el potaje de un campesino en un recetario escrito para las m\u00e1s exquisitas cortes europeas?<\/p>\n<p style=\"text-align: justify;\">Las recetas bien pueden ser m\u00e1s un <strong>reflejo del prestigio cultural<\/strong> de ciertos alimentos\/preparados, que de las verdaderas pr\u00e1cticas culinarias de aquella cultura.<\/p>\n<p style=\"text-align: justify;\">Ello es estrepitosamente obvio si, en lugar de tomar recetarios &#8216;actuales&#8217;, tomamos libros de cocina de hace dos siglos, cinco siglos, dos milenios.<\/p>\n<p style=\"text-align: justify;\"><a href=\"http:\/\/www.historiacocina.com\/es\/wp-content\/uploads\/2014\/12\/cardamom.jpg\"><img decoding=\"async\" loading=\"lazy\" class=\" wp-image-7291 aligncenter\" src=\"http:\/\/www.historiacocina.com\/es\/wp-content\/uploads\/2014\/12\/cardamom.jpg\" alt=\"cardamom\" width=\"364\" height=\"536\" \/><\/a>Las especias que aparecen en el libro del romano Apicio del s. I dC, el llamado <em>De Re Coquinaria<\/em>, ascienden a cifras considerables tanto en variedad como en cantidad. En los libros de cocina medieval inglesa, las especias figuran en el 90% de las recetas, y seg\u00fan Taillevent, chef del rey de Francia en el s. XIV, el repertorio del buen cocinero conten\u00eda m\u00e1s de 20 tipos de especias\u2014y eso sin contar mezclas varias y salsas. <strong>La gastronom\u00eda europea no va abandonando las especias hasta el s. XVIII<\/strong>.<\/p>\n<p style=\"text-align: justify;\">Entonces, \u00bf<strong>es fiable<\/strong> un resultado que establece la existencia de correlaci\u00f3n entre la cantidad de especias utilizadas y la temperatura media del pa\u00eds, <em><strong>sin investigar si esta correlaci\u00f3n est\u00e1 o no influenciada por el momento hist\u00f3rico<\/strong> de que se trate<\/em>?<\/p>\n<p style=\"text-align: justify;\">(Yo personalmente creo que no.)<\/p>\n<p style=\"text-align: justify;\">Tengo tambi\u00e9n notables <strong>problemas con su definici\u00f3n de \u201cespecia\u201d<\/strong>. La toman de otro se\u00f1or que no conozco (Farrell), pero dice algo as\u00ed como \u201ccualquier sustancia vegetal seca, fragante, arom\u00e1tica, o penetrante (<em>pungent<\/em> en el original) en forma molida, troceada, o entera, que aporta sabor, cuya funci\u00f3n principal es sazonar m\u00e1s que nutrir, y que puede contribuir a la palatabilidad o &#8216;picantez&#8217; a bebidas o alimentos\u201d.<\/p>\n<p style=\"text-align: justify;\">Ello les permite <strong>englobar bajo el t\u00e9rmino \u201cespecia\u201d tambi\u00e9n a hierbas y vegetales como<\/strong> la cebolla, los puerros, los ajos, o incluso las alcaparras. Lo consideran un t\u00e9rmino culinario m\u00e1s que bot\u00e1nico (y desde luego no es un t\u00e9rmino bot\u00e1nico, para nada&#8230; pero, \u00bf\u00fanicamente culinario? No estoy tan segura).<\/p>\n<div id=\"attachment_7292\" style=\"width: 589px\" class=\"wp-caption aligncenter\"><a href=\"http:\/\/www.historiacocina.com\/es\/wp-content\/uploads\/2014\/12\/capperowww.jpg\"><img aria-describedby=\"caption-attachment-7292\" decoding=\"async\" loading=\"lazy\" class=\"wp-image-7292 size-full\" src=\"http:\/\/www.historiacocina.com\/es\/wp-content\/uploads\/2014\/12\/capperowww.jpg\" alt=\"Capparis spinosa\" width=\"579\" height=\"389\" srcset=\"https:\/\/www.historiacocina.com\/es\/wp-content\/uploads\/2014\/12\/capperowww.jpg 579w, https:\/\/www.historiacocina.com\/es\/wp-content\/uploads\/2014\/12\/capperowww-300x201.jpg 300w, https:\/\/www.historiacocina.com\/es\/wp-content\/uploads\/2014\/12\/capperowww-446x300.jpg 446w\" sizes=\"(max-width: 579px) 100vw, 579px\" \/><\/a><p id=\"caption-attachment-7292\" class=\"wp-caption-text\">Alcaparras (la \u00abespecia\u00bb ser\u00eda el capullo de la flor, recogido a tiempo; el fruto tambi\u00e9n puede usarse envinagrado, son los alcaparrones)<\/p><\/div>\n<p style=\"text-align: justify;\">Porque por un lado me pregunto: pero, \u00bf<strong>por qu\u00e9 no utilizar la definici\u00f3n de &#8216;especia&#8217;<\/strong> de la cultura que nos la dio en primer lugar, la <strong>romana<\/strong>? \u00bfO la de los reinos medievales? Que habr\u00edan aullado ante la blasfemia de considerar la canela y la galanga junto a las cebollas y los puerros, \u00a1por Dios! Est\u00e1n a <em>a\u00f1os luz<\/em> de distancia en lo que a prestigio cultural se refiere en aquellos tiempos. Y desde luego las especias no inclu\u00edan las hierbas que crec\u00edan en el jard\u00edn de casa (pod\u00edan ser <em>condimentos<\/em>, pero no especias).<\/p>\n<p style=\"text-align: justify;\">Y por otro lado, criticona que soy, me digo a m\u00ed misma: ya, <strong>pero si incluyen<\/strong> ajos, cebollas, puerros, y dem\u00e1s ali\u00e1ceas \u201cque dan sabor\u201d\u2014\u00bfpor qu\u00e9 no la salsa de tomate? \u00bfO el az\u00facar, que por cierto se consideraba y vend\u00eda como especia hasta los tiempos de la Revoluci\u00f3n industrial?<\/p>\n<p style=\"text-align: justify;\">Y ya que estamos, todos los lingotazos de alcohol que se a\u00f1aden a platos como carbonadas, postres, etc., para dar sabor&#8230; \u00bfpor qu\u00e9 no? \u00bfPor qu\u00e9 el jugo de lim\u00f3n s\u00ed, y el de granada no? \u00bfPor qu\u00e9 no el agua de rosas, o de azahar, tan usados en la cocina de influencia \u00e1rabe? \u00bfO, ya puestos, el aceite de ali\u00f1ar, que ayuda a &#8216;disolver&#8217; los principios de sabor de las especias y nos permite saborearlos mejor, \u00a1o el vinagre!?<\/p>\n<p style=\"text-align: justify;\">Para darle m\u00e1s vidilla al debate, <strong>en un art\u00edculo posterior<\/strong>, el Sr Sherman &amp; amigo <strong>comparan el nivel de &#8216;especias&#8217;<\/strong> (yo los llamar\u00eda <em>condimentos<\/em>, que ya me parece algo mejor) <strong>entre platos con carne, y platos \u201cvegetarianos\u201d<\/strong>.<\/p>\n<p style=\"text-align: justify;\">Y cuando leo <em><strong>c\u00f3mo definen un plato \u201cvegetariano\u201d<\/strong><\/em>, me quedo con la boca abierta ante su declaraci\u00f3n de que <strong>no han considerado<\/strong> el arroz (!!), el trigo, y otros platos a base de cereales (<em>grains<\/em>) como vegetales.<\/p>\n<p style=\"text-align: justify;\">Alucina.<\/p>\n<p style=\"text-align: justify;\">(Para colmo de males, luego resulta que en cambio el ma\u00edz s\u00ed que lo han considerado, cuando es tan cereal como el arroz o el trigo. En fin).<\/p>\n<p style=\"text-align: justify;\">No me puedo creer ninguna de sus conclusiones cuando resulta que han borrado de un plumazo todas las paellas, pilafs&amp;recetas afines, todos los platos de pasta&#8230; \u00bfquiz\u00e1s tambi\u00e9n toda la boller\u00eda, por llevar harina de cereales?<\/p>\n<p style=\"text-align: justify;\"><strong>Recapitulando (los puntos de mi cr\u00edtica)<\/strong>:<\/p>\n<ul style=\"text-align: justify;\">\n<li><strong>Me fallan las fuentes<\/strong>. Los libros de cocina \u201ctradicional\u201d, tomados como testimonio de coevoluci\u00f3n puramente biol\u00f3gica y limpitos de cualquier influencia cultural, me parecen un sistema ingenuo y poco fiable si no se consideran en su justo contexto sociocultural.<\/li>\n<li><strong>Me fallan las definiciones<\/strong>. Estrepitosamente. No me parecen serias, no me parecen informadas ni por la antropolog\u00eda, ni por la historia \u2014y en el caso de los \u201cplatos vegetales\u201d, ni siquiera por el sentido com\u00fan. La terrible sospecha que me asalta es si, considerando arroz, trigo y dem\u00e1s cereales en sus definiciones, sus resultados cambiar\u00edan significativamente, invalidando la hip\u00f3tesis que quieren demostrar&#8230;<\/li>\n<\/ul>\n<p style=\"padding-left: 30px; text-align: justify;\">Por muy bi\u00f3loga que sea, me resulta poco riguroso desde un punto de vista cient\u00edfico ignorar pr\u00e1cticamente toda informaci\u00f3n que podr\u00eda ser relevante para mi estudio pero que venga de otras disciplinas.<\/p>\n<p style=\"text-align: justify;\">Por tanto, <strong>pongo en entredicho sus resultados<\/strong>.<\/p>\n<p style=\"text-align: justify;\">Es posible que sean ciertos. Pero necesito m\u00e1s y mejores pruebas para cre\u00e9rmelo.<\/p>\n<p style=\"text-align: justify;\">A ello a\u00f1ado varias <strong>observaciones<\/strong>.<\/p>\n<p style=\"padding-left: 30px; text-align: justify;\"><strong>1.<\/strong> La primera es que ciertos <strong>corolarios que derivan de su hip\u00f3tesis<\/strong> no terminan de convencerme.<\/p>\n<p style=\"padding-left: 30px; text-align: justify;\">Si me atengo a las definiciones &#8216;cl\u00e1sicas&#8217; de las especias como <em>calientes y secas<\/em> seg\u00fan la teor\u00eda humoral, es muy probable que <strong>en tiempos pret\u00e9ritos<\/strong> fuesen <strong>aconsejadas sobre todo durante los meses fr\u00edos<\/strong> (<em>contra<\/em> lo que se podr\u00eda deducir de la Hip\u00f3tesis Antimicrobiana tal y como la plantean Sherman&amp;friends, que esperar\u00eda hallar una mayor concentraci\u00f3n de especias en los platos veraniegos, pues en verano los microbios crecen m\u00e1s y mejor que en invierno).<\/p>\n<p style=\"padding-left: 30px; text-align: justify;\">Es posible que se haya <strong>mantenido tal correlaci\u00f3n<\/strong> (<em>m\u00e1s especias en platos invernales, all\u00e1 donde la estaci\u00f3n invernal es fr\u00eda<\/em>) incluso en nuestros d\u00edas, por una sencilla raz\u00f3n: las <strong>comidas navide\u00f1as<\/strong>. Al parecer, la evoluci\u00f3n gastron\u00f3mica es mucho m\u00e1s lenta cuando se trata de comidas especiales como las ligadas a festividades religiosas (p. ej. la Navidad).<\/p>\n<p style=\"padding-left: 30px; text-align: justify;\">As\u00ed, muchas recetas de dulces navide\u00f1os, sobre todo en el norte de Europa, reflejan la herencia medieval de especiar todo lo que se ponga a tiro: galletas de jengibre, el vino especiado alem\u00e1n, los <em>puddings<\/em> y <em>punches<\/em> ingleses&#8230;<\/p>\n<p style=\"padding-left: 30px; text-align: justify;\"><strong>2.<\/strong> La segunda observaci\u00f3n est\u00e1 ligada a <strong>experiencias personales en Uganda<\/strong>, pa\u00eds c\u00e1lido donde los haya (si bien de temperaturas estables, estando ah\u00ed en medio, en el ecuador del planeta).<\/p>\n<p style=\"padding-left: 30px; text-align: justify;\">Las <strong>especias juegan un papel m\u00ednimo<\/strong> en la gastronom\u00eda local, por lo que pude ver. Ello concuerda con lo comentado por Jack Goody en su estupendo libro <em>Cocina, Cuisine y Clase<\/em> (al menos a m\u00ed me encant\u00f3). Hasta que le\u00ed ese libro, no se me hab\u00eda ocurrido nunca pensar que en la mayor parte del \u00c1frica subsahariana no exista un verdadero corpus gastron\u00f3mico, ni una estratificaci\u00f3n ni cultura culinaria que haya dado lugar a recetarios de cocina (a excepci\u00f3n de Etiop\u00eda, un caso particular).<\/p>\n<p style=\"padding-left: 30px; text-align: justify;\">Y, sin embargo, por temperaturas uno esperar\u00eda que sumergiesen su comida en especias.<\/p>\n<div id=\"attachment_7293\" style=\"width: 744px\" class=\"wp-caption aligncenter\"><a href=\"http:\/\/www.historiacocina.com\/es\/wp-content\/uploads\/2014\/12\/uganda-cooking.jpg\"><img aria-describedby=\"caption-attachment-7293\" decoding=\"async\" loading=\"lazy\" class=\"wp-image-7293 size-full\" src=\"http:\/\/www.historiacocina.com\/es\/wp-content\/uploads\/2014\/12\/uganda-cooking.jpg\" alt=\"uganda-cooking\" width=\"734\" height=\"423\" srcset=\"https:\/\/www.historiacocina.com\/es\/wp-content\/uploads\/2014\/12\/uganda-cooking.jpg 734w, https:\/\/www.historiacocina.com\/es\/wp-content\/uploads\/2014\/12\/uganda-cooking-300x172.jpg 300w, https:\/\/www.historiacocina.com\/es\/wp-content\/uploads\/2014\/12\/uganda-cooking-500x288.jpg 500w\" sizes=\"(max-width: 734px) 100vw, 734px\" \/><\/a><p id=\"caption-attachment-7293\" class=\"wp-caption-text\">Patatas, carne, col, arroz (que no se ve, pero estaba)&#8230; pero pocas especias.<\/p><\/div>\n<p style=\"padding-left: 30px; text-align: justify;\"><strong>3.<\/strong> La tercera y \u00faltima observaci\u00f3n es que, como <strong>mecanismo para preservar la comida<\/strong> (directamente relacionado con una disminuci\u00f3n en la cantidad de microbios que en ella viven), <strong>existen otros m\u00e9todos<\/strong> cuya eficacia y facilidad est\u00e1n m\u00e1s que demostradas y reconocidas, no s\u00f3lo por los bioqu\u00edmicos del s. XX, \u00a1sino incluso por romanos de hace 2000 a\u00f1os!<\/p>\n<p style=\"padding-left: 30px; text-align: justify;\">Apicio narraba que para conservar la carne como nuevecita bastaba embadurnarla en una buena capa de miel; lo mismo describ\u00eda mecanismos para conservar alimentos encurtidos, para esterilizarlos pas\u00e1ndolos por agua hirviendo, etc.<\/p>\n<p style=\"padding-left: 30px; text-align: justify;\">El <em><strong>secado<\/strong><\/em>, el <em><strong>ahumado<\/strong><\/em>, y el <em><strong>salado<\/strong><\/em> son t\u00e9cnicas universalmente usadas para conservar la carne (y no hay que preocuparse sobre &#8216;concentraciones activas a partir de las cuales tal o cual condimento tiene un efecto antimicrobiano&#8217;).<\/p>\n<p style=\"padding-left: 30px; text-align: justify;\">Que, dicho sea de paso, antiguamente &#8216;la carne&#8217; viv\u00eda mucho m\u00e1s cerca de sus consumidores (a veces incluso bajo el mismo techo, seg\u00fan mi abuela), y probablemente fuese mucho m\u00e1s c\u00f3modo y seguro no ir estrangulando pollos por ah\u00ed y meti\u00e9ndolos en la despensa, sino cargarte a los justos para la cena, y ya***.<\/p>\n<p style=\"text-align: justify;\"><strong>Conclusi\u00f3n<\/strong>:<\/p>\n<p style=\"text-align: justify;\">De verdad que la primera vez que me tropec\u00e9 con una referencia a estos art\u00edculos (que fue antes de leer el art\u00edculo del CSIC), <em>quer\u00eda que me convenciesen<\/em>. En serio.<\/p>\n<p style=\"text-align: justify;\">Pero no ha podido ser.<\/p>\n<p style=\"text-align: justify;\"><strong>Por lo que yo percibo como<\/strong> falta de rigor, definiciones poco cre\u00edbles, falta de hip\u00f3tesis alternativas, e ignorancia (buscada o involuntaria) de toda fuente de informaci\u00f3n ajena a sus propios campos de estudio.<\/p>\n<p style=\"text-align: justify;\">Y como que sinceramente me intrigan mucho algunas de sus hip\u00f3tesis sobre cu\u00e1ndo, c\u00f3mo y por qu\u00e9 empezamos a usar condimentos, me encantar\u00eda que alguien volviese a repetir esos estudios, mejorando metodolog\u00eda y definiciones, y se ganase a la esc\u00e9ptica que vive en m\u00ed.<\/p>\n<p style=\"text-align: justify;\">(por si alguien se pregunta \u201ctanto criticar, por qu\u00e9 no se pone ella a hacerlo &#8216;bien&#8217;?\u201d, yo no puedo porque, ay de m\u00ed, ni hay <em>pasta<\/em>, ni hay tiempo, y probablemente tampoco suficiente formaci\u00f3n espec\u00edfica para realizar un estudio de tal envergadura. Pero si alguien me quiere subvencionar, lo escucho de mil amores&#8230;).<\/p>\n<p style=\"text-align: center;\">*<\/p>\n<p style=\"text-align: justify;\"><span style=\"color: #808080;\">*Yo la he &#8216;mayusculizado&#8217; (fant\u00e1stico e inexistente verbo que me saco de la chistera) por capricho est\u00e9tico, pero ellos no lo hacen.<\/span><\/p>\n<p style=\"text-align: justify;\"><span style=\"color: #808080;\">** Tienen un comentario, a mi juicio poco interesante, sobre la independencia cultural de los pa\u00edses a estudiar, pero no me convence demasiado.<\/span><\/p>\n<p style=\"text-align: justify;\"><span style=\"color: #808080;\">*** Evidentemente que no todas las carnes estaban disponibles de igual modo durante todo el a\u00f1o; en el \u00e1mbito mediterr\u00e1neo que me es m\u00e1s familiar, el invierno es el momento de matar al cerdo y conservar su carne en forma de embutidos varios (m\u00e1s o menos saludables, pues <a style=\"color: #808080;\" title=\"Historia de las intoxicaciones por embutidos\" href=\"https:\/\/www.historiacocina.com\/es\/intoxicaciones-por-embutidos\" target=\"_blank\">buenos casos de intoxicaci\u00f3n pod\u00eda haber<\/a>). No vas matando cerdos en mitad de agosto, y desde luego que no se te ocurrir\u00e1 guardar unas costillas de cerdo <em>au naturel<\/em>, con pimienta espolvoreada por encima, durante meses y meses\u2026<\/span><\/p>\n<p style=\"text-align: center;\">*<\/p>\n<p style=\"text-align: justify;\"><em><strong>Nota: La siguiente cr\u00edtica no pretende ofender absolutamente a nadie. En ella expreso mi opini\u00f3n, que puede estar tremendamente equivocada. Si tienes informaci\u00f3n extra que no he considerado (algo que pasa siempre, claro; \u00a1es imposible saberlo todo!), por favor h\u00e1zmelo saber, tanto si refuerza como si contradice mi opini\u00f3n. Esto va de exactitud y honestidad intelectual, no de orgullo (al menos eso se procura).<\/strong><\/em><\/p>\n<h2 style=\"text-align: justify;\">\u00a0Bibliograf\u00eda<\/h2>\n<p style=\"text-align: justify;\">El art\u00edculo que desat\u00f3 la necesidad de escribir esta arenga es el de Mar Gulis del 28 de febrero 2014, \u201c<a title=\"Ciencia en la cocina: \u00bfpor qu\u00e9 nos gustan tanto las especias?\" href=\"http:\/\/blogs.20minutos.es\/ciencia-para-llevar-csic\/2014\/02\/28\/ciencia-en-la-cocina-por-que-nos-gustan-tanto-las-especias\/\" target=\"_blank\">Ciencia en la cocina: \u00bfpor qu\u00e9 nos gustan tanto las especias?<\/a>\u201d<\/p>\n<p style=\"text-align: justify;\">Mi cr\u00edtica feroz va dirigida a los art\u00edculos siguientes:<\/p>\n<ul style=\"text-align: justify;\">\n<li>Billing, J. y Sherman, P. W. 1998. Antimicrobial functions of spices: Why some like it hot. <em>The Quarterly Review of Biology<\/em> 73 (1): 3-49<\/li>\n<li>Sherman, P. W. y Hash, G. A. 2001. Why vegetable recipes are not very spicy. <em>Evolution and Human Behavior<\/em> 22: 147-163<\/li>\n<\/ul>\n<p style=\"text-align: justify;\">Las <strong>fuentes consultadas<\/strong> que subyacen a mis cr\u00edticas:<\/p>\n<p style=\"text-align: justify;\">Sobre qu\u00e9 puedo considerar un estudio serio de la evoluci\u00f3n de la gastronom\u00eda est\u00e1n, por ejemplo, los libros de Massimo Montanari &amp; c\u00eda (p. ej. Montanari, M. (ed). 2006. <em>Il mondo in cucina. Storia, identit\u00e0, scambi<\/em>. Ed. Laterza), o el texto, mucho m\u00e1s acorde con la idea de &#8216;condicionantes biol\u00f3gicos en la cultura gastron\u00f3mica&#8217;, de Harris, M &amp; Ross, E. (eds). 1987. <em>Food and Evolution. Towards a Theory of Human Food Habits<\/em>. Temple University Press. O el magn\u00edfico libro de Collingham, L. 2006. <em>Curry. A tale of cooks and conquerors<\/em>. Vintage Books.<\/p>\n<p style=\"text-align: justify;\">Leerse los dos primeros cap\u00edtulos del libro de Freedman (<em>Out of the East. Spices and the Medieval Imaginacion<\/em>. Yale University Press, 2008) es ya poner en duda definiciones de especias (p. 8-11), as\u00ed como encontrar referencias sobre los porcentajes de recetas especiadas en la cocina medieval inglesa o la menci\u00f3n a Tailleviande y los tipos de especias que se empleaban en las cocinas (p. 20). Hay muchos m\u00e1s datos interesantes, adem\u00e1s de una cr\u00edtica aguda al mito de que las especias se a\u00f1ad\u00edan para mejorar la palatabilidad de alimentos en mal estado (pp. 3-4).<\/p>\n<p style=\"text-align: justify;\">Sobre las pol\u00e9micas alrededor de las &#8216;cocinas nacionales&#8217;, m\u00e1s concretamente en \u00c1frica (que es, por cierto, el continente en el que a mi entender esta hip\u00f3tesis se la juega, y pierde), consult\u00e9 Cusack, I. 2000. African cuisines: recipes for nation-building? <em>Journal of African Cultural Studies<\/em> 13 (2): 207-225. Para el caso de la India, puede consultarse Appadurai, A. 1988. How to Make a National Cuisine: Cookbooks in Contemporary India. <em>Comparative Studies in Society and History<\/em> 30 (1): 3-24.<\/p>\n<p style=\"text-align: justify;\">Basta leer el libro de J. Goody <em>Cocina, Cuisine y Clase<\/em> (la edici\u00f3n espa\u00f1ola consultada es de la Ed. Gedisa, 1995) para plagar de puntos interrogativos el razonamiento del Sr. Sherman.<\/p>\n<p style=\"text-align: justify;\">Los libros sobre el prestigio culinario de las especias son legi\u00f3n. Adem\u00e1s del de Freedman, he tenido el placer de leer el de J. Turner (en su edici\u00f3n italiana, trad. de R. Corradini y A. Schlueter, <em>Spezie. Storia di una tentazione<\/em>. Ed. Araba Fenice, 2006).<\/p>\n<p style=\"text-align: justify;\">Referencias a puerros y dem\u00e1s ali\u00e1ceas como comida de r\u00fasticos, por ejemplo en Grieco, A. J. 1991. The Social Politics of Pre-Linnaean Botanical Classification. <em>I Tatti Studies: Essays in the Renaissance<\/em> 4: 131-149.<\/p>\n<p style=\"text-align: justify;\">Estoy convencida de haber le\u00eddo algo sobre porcentajes de especias usadas en el <em>De Re Coquinaria<\/em> (tal vez en la obra de Garrido Aranda, A. (Comp.) 2004. <em>El Sabor del Sabor. Hierbas arom\u00e1ticas, condimentos y especias<\/em>. Servicio de Publicaciones de la Universidad de C\u00f3rdoba). Pero no puedo acceder a \u00e9l en estos momentos, as\u00ed que las referencias han salido de los siguientes art\u00edculos:<\/p>\n<ul style=\"text-align: justify;\">\n<li>Lovell Million, H. 1926. An Old Roman Cookbook. <em>The Classical Journal<\/em> 21 (6): 443-450.<\/li>\n<li>Pickstone, J. E. 1935. Roman Cookery. <em>Greece &amp; Rome<\/em> 4 (12): 168-174.<\/li>\n<\/ul>\n<p style=\"text-align: justify;\">Ah, s\u00ed, lo del pa amb tom\u00e0quet para los hoteles de una cierta calidad, he encontrado un enlace al ABC <a title=\"Pa amb tom\u00e0quet decreto\" href=\"http:\/\/www.abc.es\/20101124\/local-cataluna\/tomaquet-decreto-201011241231.html\" target=\"_blank\">aqu\u00ed<\/a>.<\/p>\n<p style=\"text-align: justify;\">Hay referencias en Freedman (2008) sobre el uso del az\u00facar como especia, pero el estudio cl\u00e1sico al respecto es la obra de Mintz, S. 1986. <em>Sweetness and Power. The Place of Sugar in Modern History<\/em>. Penguin Books.<\/p>\n<p style=\"text-align: justify;\">Tras haber consultado el libro de Dalby, A. 2010. <em>Tastes of Byzantium. The Cuisine of a Legendary Empire<\/em>. I.B.Tauris\u2026 confirmo mi sospecha: en el calendario diet\u00e9tico (algunas de cuyas copias son atribuidas a Hielophilus el Sofista) bizantino que se incluye en el cap\u00edtulo 6, traducido \u00edntegramente a partir de la versi\u00f3n de 1939 de Delatte, las especias figuran fundamentalmente en los meses fr\u00edos, estando ausentes, o casi ausentes, desde junio hasta agosto-setiembre (con recomendaciones de que deben ser evitados, para m\u00e1s inri).<\/p>\n<p style=\"text-align: justify;\">(los condimentos que he considerado para esta declaraci\u00f3n son fundamentalmente los siguientes: pimienta, espicanardo, canela, clavos, cualquier referencia a \u201cespeciado\u201d, comino, an\u00eds, mostaza, ruda, menta, \u201caloes\u201d <a title=\"Del ag\u00e1loco: palos, \u00e1guilas y \u00e1loes (1)\" href=\"http:\/\/imaginandovegetales.wordpress.com\/2014\/12\/02\/del-agaloco-1\/\" target=\"_blank\">-\u00bflin\u00e1loe?-<\/a>, mirra, cilantro, or\u00e9gano, ajo, cebolla, puerro, alcaparras).<\/p>\n<p style=\"text-align: justify;\">He le\u00eddo lo de que la evoluci\u00f3n gastron\u00f3mica es m\u00e1s lenta cuando est\u00e1 asociada a festividades religiosas, y que las comidas navide\u00f1as m\u00e1s especiadas son reliquias que delatan modas gastron\u00f3micas pasadas. De verdad. Pero no consigo acordarme de d\u00f3nde lo le\u00ed. Si alguien lo necesita saber, que me mande un correo y me pongo a buscarlo.<\/p>\n<p><script type=\"mce-text\/javascript\">\/\/ <![CDATA[\nvar _gaq = _gaq || [];   _gaq.push(['_setAccount', 'UA-31227422-1']);   _gaq.push(['_trackPageview']);   (function() {     var ga = document.createElement('script'); ga.type = 'text\/javascript'; ga.async = true;     ga.src = ('https:' == document.location.protocol ? 'https:\/\/ssl' : 'http:\/\/www') + '.google-analytics.com\/ga.js';     var s = document.getElementsByTagName('script')[0]; s.parentNode.insertBefore(ga, s);   })();\n\/\/ ]]><\/script><\/p>\n","protected":false},"excerpt":{"rendered":"<p>Hace unos d\u00edas tropec\u00e9 con un art\u00edculo de divulgaci\u00f3n salido del CSIC, \u201cCiencia en la cocina: \u00bfpor qu\u00e9 nos gustan tanto las especias?\u201d. Las especias son un im\u00e1n natural para mi curiosidad, por lo que fui rauda a leer lo &hellip; <a href=\"https:\/\/www.historiacocina.com\/es\/por-que-nos-gustan-tanto-las-especias\">Sigue leyendo <span class=\"meta-nav\">&rarr;<\/span><\/a><\/p>\n","protected":false},"author":14,"featured_media":0,"comment_status":"open","ping_status":"open","sticky":false,"template":"","format":"standard","meta":{"_mi_skip_tracking":false,"_exactmetrics_sitenote_active":false,"_exactmetrics_sitenote_note":"","_exactmetrics_sitenote_category":0},"categories":[3],"tags":[735,33,732,733,734],"aioseo_notices":[],"jetpack_featured_media_url":"","_links":{"self":[{"href":"https:\/\/www.historiacocina.com\/es\/wp-json\/wp\/v2\/posts\/7288"}],"collection":[{"href":"https:\/\/www.historiacocina.com\/es\/wp-json\/wp\/v2\/posts"}],"about":[{"href":"https:\/\/www.historiacocina.com\/es\/wp-json\/wp\/v2\/types\/post"}],"author":[{"embeddable":true,"href":"https:\/\/www.historiacocina.com\/es\/wp-json\/wp\/v2\/users\/14"}],"replies":[{"embeddable":true,"href":"https:\/\/www.historiacocina.com\/es\/wp-json\/wp\/v2\/comments?post=7288"}],"version-history":[{"count":7,"href":"https:\/\/www.historiacocina.com\/es\/wp-json\/wp\/v2\/posts\/7288\/revisions"}],"predecessor-version":[{"id":7299,"href":"https:\/\/www.historiacocina.com\/es\/wp-json\/wp\/v2\/posts\/7288\/revisions\/7299"}],"wp:attachment":[{"href":"https:\/\/www.historiacocina.com\/es\/wp-json\/wp\/v2\/media?parent=7288"}],"wp:term":[{"taxonomy":"category","embeddable":true,"href":"https:\/\/www.historiacocina.com\/es\/wp-json\/wp\/v2\/categories?post=7288"},{"taxonomy":"post_tag","embeddable":true,"href":"https:\/\/www.historiacocina.com\/es\/wp-json\/wp\/v2\/tags?post=7288"}],"curies":[{"name":"wp","href":"https:\/\/api.w.org\/{rel}","templated":true}]}}