{"id":7587,"date":"2015-04-11T17:37:20","date_gmt":"2015-04-11T15:37:20","guid":{"rendered":"http:\/\/www.historiacocina.com\/es\/?p=7587"},"modified":"2015-04-12T16:12:43","modified_gmt":"2015-04-12T14:12:43","slug":"la-invencion-del-reino-vegetal","status":"publish","type":"post","link":"https:\/\/www.historiacocina.com\/es\/la-invencion-del-reino-vegetal","title":{"rendered":"La Invenci\u00f3n del reino vegetal"},"content":{"rendered":"<p style=\"text-align: justify;\"><img decoding=\"async\" loading=\"lazy\" class=\"aligncenter size-full wp-image-7589\" src=\"http:\/\/www.historiacocina.com\/es\/wp-content\/uploads\/2015\/04\/portada1.jpg\" alt=\"portada1\" width=\"600\" height=\"952\" srcset=\"https:\/\/www.historiacocina.com\/es\/wp-content\/uploads\/2015\/04\/portada1.jpg 600w, https:\/\/www.historiacocina.com\/es\/wp-content\/uploads\/2015\/04\/portada1-189x300.jpg 189w\" sizes=\"(max-width: 600px) 100vw, 600px\" \/><\/p>\n<h1 style=\"text-align: justify;\"><span style=\"color: #ff6600;\"><em>Con\u00f3cete a ti mismo.<\/em><\/span><\/h1>\n<p style=\"text-align: justify;\">A s\u00ed recomendaba un escrito en el templo de Delfos a todos los visitantes. Un eslogan morrocotudo: breve, pegadizo\u2026pero complicado en su aplicaci\u00f3n.<\/p>\n<p style=\"text-align: justify;\"><!--more--><\/p>\n<p style=\"text-align: justify;\">Porque, <strong>en la pr\u00e1ctica, <span style=\"color: #000080;\">\u00bfc\u00f3mo conseguimos saber quienes somos?<\/span><\/strong><\/p>\n<p style=\"text-align: justify;\">Una posibilidad es el div\u00e1n del psic\u00f3logo. Introspecci\u00f3n, reflexi\u00f3n, ahondar en las profundidades del <span style=\"color: #666699;\">alma humana<\/span>.<\/p>\n<p style=\"text-align: justify;\"><strong>Otra posibilidad es<\/strong> mirar a nuestro alrededor, <strong>y <span style=\"color: #3366ff;\">ver c\u00f3mo nos relacionamos<\/span><\/strong>: con los dem\u00e1s, pero tambi\u00e9n con las cosas a nuestro alrededor.<\/p>\n<p style=\"text-align: justify;\">\u00bfDice algo de nosotros c\u00f3mo tratamos a nuestros amigos? \u00bfA un perro callejero?<\/p>\n<p style=\"text-align: justify;\">\u00bfDice algo de nosotros\u2014como individuos, como pueblos, como especie\u2014lo que cocinamos, y c\u00f3mo lo cocinamos? <strong><span style=\"color: #333333;\">La historia de la gastronom\u00eda, \u00bfnos permite conocernos mejor<\/span>?<\/strong><\/p>\n<p style=\"text-align: justify;\">Si tu respuesta es S\u00ed, entonces estar\u00e1s de acuerdo en que tambi\u00e9n lograremos conocernos mejor si echamos un vistazo a <strong>c\u00f3mo hemos tratado al <span style=\"color: #008000;\">mundo de las plantas<\/span><\/strong>: nos las hemos comido, pero tambi\u00e9n las hemos cultivado (o recogido silvestres en el campo), las hemos usado como medicina, o para hacer pianos de cola y guitarras, para preparar aspirinas, para decorarnos el cuerpo, o hacer perfumes con ellas, o dibujarlas, o venderlas en el mercado, o adorarlas, o fum\u00e1rnoslas, o estudiarlas, o\u2026<\/p>\n<p style=\"text-align: justify;\">Wilhem Dilthey afirm\u00f3 que \u201cAl ser humano no se le conoce por introspecci\u00f3n, sino estudiando lo que ha hecho a lo largo de la historia, es decir, por sus creaciones culturales\u201d.<\/p>\n<p style=\"text-align: justify;\">Si ten\u00eda raz\u00f3n (y yo creo que la ten\u00eda), entonces resulta\u2026que la historia de c\u00f3mo nos hemos relacionado con las cosas, p. ej. las plantas, no es s\u00f3lo \u2018historia natural\u2019, sino que es un mecanismo para conocernos mejor: un ejercicio filos\u00f3fico que, encima, es divertido. Nos descubrimos a nosotros mismos a trav\u00e9s de historias, e <span style=\"color: #808000;\"><strong>historias sobre plantas y la inteligencia humana<\/strong><\/span> es precisamente lo que <strong><span style=\"color: #993300;\">Aina S. Erice<\/span> viene a contarnos<\/strong> en su libro reci\u00e9n salido de la imprenta,<strong><span style=\"color: #008000;\"><em>La Invenci\u00f3n del Reino Vegetal<\/em><\/span>.<\/strong><\/p>\n<p style=\"text-align: justify;\">En \u00e9l, recoge la propuesta de Jose Antonio Marina, fil\u00f3sofo que apadrina este proyecto de frontera: <strong>investigar c\u00f3mo nos hemos relacionado con <span style=\"color: #339966;\">las plantas<\/span>, para intentar averiguar qu\u00e9 dice esto sobre nosotros<\/strong>, la especie humana. En 35 cap\u00edtulos, de los que ya el mero t\u00edtulo vale la pena, nos interna en una selva de datos, hechos y an\u00e9cdotas, por donde pululan personajes interesantes y enredos divertidos.<\/p>\n<p style=\"text-align: justify;\">Es un \u201clibro <span style=\"color: #ff0000;\"><em>ultramoderno<\/em> <\/span>capaz de integrar la abstracci\u00f3n y la an\u00e9cdota, la teor\u00eda y el personaje, el rigor y la gracia, la serenidad de la ciencia y la trepidante variedad de la historia, el positivismo de la utilidad y la a\u00f1oranza de un marco \u00e9tico.\u201d<\/p>\n<p style=\"text-align: justify;\"><strong>Y si has le\u00eddo hasta aqu\u00ed<\/strong>\u2026es muy probable que se trate de un libro que te interese. <a href=\"http:\/\/www.amazon.es\/Invenci%C3%B3n-Del-Reino-Vegetal-Ariel\/dp\/8434419467\/ref=sr_1_1?s=books&amp;ie=UTF8&amp;qid=1426433595&amp;sr=1-1\" target=\"_blank\"><strong><span style=\"text-decoration: underline;\">\u00c9chale un vistazo<\/span><\/strong><\/a>.<\/p>\n<p style=\"text-align: justify;\">Cuesta menos que una cena para dos en un restaurante, y proporciona muchas m\u00e1s horas de entretenimiento\u2026<\/p>\n<p style=\"text-align: justify;\"><strong>\u00bfQuieres saber m\u00e1s al respecto? <a href=\"http:\/\/ainaserice.com\/imaginandovegetales.html\" target=\"_blank\"><span style=\"text-decoration: underline;\">Aqu\u00ed<\/span><\/a><\/strong>.<\/p>\n<p style=\"text-align: justify;\"><img decoding=\"async\" loading=\"lazy\" class=\"aligncenter size-full wp-image-7592\" src=\"http:\/\/www.historiacocina.com\/es\/wp-content\/uploads\/2015\/04\/libro2.jpg\" alt=\"libro2\" width=\"459\" height=\"401\" srcset=\"https:\/\/www.historiacocina.com\/es\/wp-content\/uploads\/2015\/04\/libro2.jpg 459w, https:\/\/www.historiacocina.com\/es\/wp-content\/uploads\/2015\/04\/libro2-300x262.jpg 300w, https:\/\/www.historiacocina.com\/es\/wp-content\/uploads\/2015\/04\/libro2-343x300.jpg 343w\" sizes=\"(max-width: 459px) 100vw, 459px\" \/><\/p>\n<p><script type=\"mce-text\/javascript\">\/\/ <![CDATA[\nvar _gaq = _gaq || [];   _gaq.push(['_setAccount', 'UA-31227422-1']);   _gaq.push(['_trackPageview']);   (function() {     var ga = document.createElement('script'); ga.type = 'text\/javascript'; ga.async = true;     ga.src = ('https:' == document.location.protocol ? 'https:\/\/ssl' : 'http:\/\/www') + '.google-analytics.com\/ga.js';     var s = document.getElementsByTagName('script')[0]; s.parentNode.insertBefore(ga, s);   })();\n\/\/ ]]><\/script><\/p>\n","protected":false},"excerpt":{"rendered":"<p>Con\u00f3cete a ti mismo. A s\u00ed recomendaba un escrito en el templo de Delfos a todos los visitantes. Un eslogan morrocotudo: breve, pegadizo\u2026pero complicado en su aplicaci\u00f3n.<\/p>\n","protected":false},"author":1,"featured_media":0,"comment_status":"closed","ping_status":"closed","sticky":false,"template":"","format":"standard","meta":{"_mi_skip_tracking":false,"_exactmetrics_sitenote_active":false,"_exactmetrics_sitenote_note":"","_exactmetrics_sitenote_category":0},"categories":[71],"tags":[],"aioseo_notices":[],"jetpack_featured_media_url":"","_links":{"self":[{"href":"https:\/\/www.historiacocina.com\/es\/wp-json\/wp\/v2\/posts\/7587"}],"collection":[{"href":"https:\/\/www.historiacocina.com\/es\/wp-json\/wp\/v2\/posts"}],"about":[{"href":"https:\/\/www.historiacocina.com\/es\/wp-json\/wp\/v2\/types\/post"}],"author":[{"embeddable":true,"href":"https:\/\/www.historiacocina.com\/es\/wp-json\/wp\/v2\/users\/1"}],"replies":[{"embeddable":true,"href":"https:\/\/www.historiacocina.com\/es\/wp-json\/wp\/v2\/comments?post=7587"}],"version-history":[{"count":6,"href":"https:\/\/www.historiacocina.com\/es\/wp-json\/wp\/v2\/posts\/7587\/revisions"}],"predecessor-version":[{"id":7595,"href":"https:\/\/www.historiacocina.com\/es\/wp-json\/wp\/v2\/posts\/7587\/revisions\/7595"}],"wp:attachment":[{"href":"https:\/\/www.historiacocina.com\/es\/wp-json\/wp\/v2\/media?parent=7587"}],"wp:term":[{"taxonomy":"category","embeddable":true,"href":"https:\/\/www.historiacocina.com\/es\/wp-json\/wp\/v2\/categories?post=7587"},{"taxonomy":"post_tag","embeddable":true,"href":"https:\/\/www.historiacocina.com\/es\/wp-json\/wp\/v2\/tags?post=7587"}],"curies":[{"name":"wp","href":"https:\/\/api.w.org\/{rel}","templated":true}]}}