{"id":7627,"date":"2015-04-20T12:35:32","date_gmt":"2015-04-20T10:35:32","guid":{"rendered":"http:\/\/www.historiacocina.com\/es\/?p=7627"},"modified":"2015-04-23T20:48:24","modified_gmt":"2015-04-23T18:48:24","slug":"fallecimiento-de-nuestro-companero-felicisimo-ramos-fernandez","status":"publish","type":"post","link":"https:\/\/www.historiacocina.com\/es\/fallecimiento-de-nuestro-companero-felicisimo-ramos-fernandez","title":{"rendered":"Fallecimiento de nuestro compa\u00f1ero Felic\u00edsimo Ramos Fern\u00e1ndez"},"content":{"rendered":"<p>En el d\u00eda de hoy, 20 de abril de 2015, ha fallecido nuestro compe\u00f1ero en las labores de investigaci\u00f3n <a href=\"https:\/\/www.historiacocina.com\/es\/somos-2\/felicisimo-ramos\" target=\"_blank\">Felic\u00edsimo Ramos Fern\u00e1ndez<\/a>.<\/p>\n","protected":false},"excerpt":{"rendered":"<p>En el d\u00eda de hoy, 20 de abril de 2015, ha fallecido nuestro compe\u00f1ero en las labores de investigaci\u00f3n Felic\u00edsimo Ramos Fern\u00e1ndez.<\/p>\n","protected":false},"author":1,"featured_media":0,"comment_status":"closed","ping_status":"closed","sticky":false,"template":"","format":"standard","meta":{"_mi_skip_tracking":false,"_exactmetrics_sitenote_active":false,"_exactmetrics_sitenote_note":"","_exactmetrics_sitenote_category":0},"categories":[71],"tags":[],"aioseo_notices":[],"jetpack_featured_media_url":"","_links":{"self":[{"href":"https:\/\/www.historiacocina.com\/es\/wp-json\/wp\/v2\/posts\/7627"}],"collection":[{"href":"https:\/\/www.historiacocina.com\/es\/wp-json\/wp\/v2\/posts"}],"about":[{"href":"https:\/\/www.historiacocina.com\/es\/wp-json\/wp\/v2\/types\/post"}],"author":[{"embeddable":true,"href":"https:\/\/www.historiacocina.com\/es\/wp-json\/wp\/v2\/users\/1"}],"replies":[{"embeddable":true,"href":"https:\/\/www.historiacocina.com\/es\/wp-json\/wp\/v2\/comments?post=7627"}],"version-history":[{"count":5,"href":"https:\/\/www.historiacocina.com\/es\/wp-json\/wp\/v2\/posts\/7627\/revisions"}],"predecessor-version":[{"id":7634,"href":"https:\/\/www.historiacocina.com\/es\/wp-json\/wp\/v2\/posts\/7627\/revisions\/7634"}],"wp:attachment":[{"href":"https:\/\/www.historiacocina.com\/es\/wp-json\/wp\/v2\/media?parent=7627"}],"wp:term":[{"taxonomy":"category","embeddable":true,"href":"https:\/\/www.historiacocina.com\/es\/wp-json\/wp\/v2\/categories?post=7627"},{"taxonomy":"post_tag","embeddable":true,"href":"https:\/\/www.historiacocina.com\/es\/wp-json\/wp\/v2\/tags?post=7627"}],"curies":[{"name":"wp","href":"https:\/\/api.w.org\/{rel}","templated":true}]}}