{"id":7651,"date":"2015-04-28T13:39:25","date_gmt":"2015-04-28T11:39:25","guid":{"rendered":"http:\/\/www.historiacocina.com\/es\/?p=7651"},"modified":"2015-04-28T13:39:54","modified_gmt":"2015-04-28T11:39:54","slug":"los-uchepos","status":"publish","type":"post","link":"https:\/\/www.historiacocina.com\/es\/los-uchepos","title":{"rendered":"Historia de los uchepos de Santa Fe de la Laguna, Michoac\u00e1n"},"content":{"rendered":"<p style=\"text-align: justify;\"><a href=\"https:\/\/www.historiacocina.com\/es\/somos-2\/martha-delfin\"><img decoding=\"async\" loading=\"lazy\" class=\"alignleft size-full wp-image-2179\" src=\"http:\/\/www.historiacocina.com\/es\/wp-content\/uploads\/2012\/05\/marthartic.jpg\" alt=\"Martha Delfin Guillaumin\" width=\"100\" height=\"102\" \/><\/a>Santa Fe de la Laguna es un poblado p\u2019urh\u00e9pecha michoacano muy particular, est\u00e1 al lado del Lago de P\u00e1tzcuaro, fue fundado como pueblo hospital por Vasco de Quiroga, Tata Vasco como todav\u00eda es recordado, el 14 de septiembre de 1533 en el lugar que Uayameo ocupara en la \u00e9poca prehisp\u00e1nica. <span style=\"line-height: 150%; font-family: 'Arial','sans-serif'; font-size: 12pt;\"><span style=\"color: #000000;\">[1]<\/span><\/span> En Santa Fe de la Laguna se puede apreciar la huat\u00e1pera (lugar de reuni\u00f3n), es decir, el antiguo hospital, en donde se conserva la silla obispal que ocupara Quiroga. Santa Fe de la Laguna es famosa por la bella artesan\u00eda de barro que producen sus alfareros.<\/p>\n<p style=\"text-align: justify;\">Entre las delicias gastron\u00f3micas que ofrece Santa Fe preparadas con ma\u00edz criollo, es decir, libre de los transg\u00e9nicos a los que se oponen las comunidades p\u2019urh\u00e9pechas de Michoac\u00e1n, tenemos los uchepos que, como nos informa Jos\u00e9 N. Iturriaga, \u201cson unos peque\u00f1os tamales en hoja de elote, dulces por ser precisamente de elote tierno, que pueden hacerse con leche o con agua y lo m\u00e1s usual es condimentarlos con canela. Se pueden comer ba\u00f1ados con mantequilla y con rajas de chile poblano a un lado.\u201d <span style=\"line-height: 150%; font-family: 'Arial','sans-serif'; font-size: 12pt;\"><span style=\"color: #000000;\">[2]<\/span><\/span> Vale mencionar que a los uchepos se posibilita el servirlos solos, pero tambi\u00e9n ba\u00f1ados con salsa de tomate cocido rojo o verde, salpicados con crema o queso freso panela.<!--more--><\/p>\n<p style=\"text-align: justify;\"><em>Los tamales son un alimento netamente mexicano y su preparaci\u00f3n var\u00eda seg\u00fan las regiones del pa\u00eds, y en su elaboraci\u00f3n se emplean varios productos. Se acostumbran para el desayuno y la cena, acompa\u00f1ados de atole, caf\u00e9, leche o chocolate, pero se consumen tambi\u00e9n en las comidas, sobre todo en la forma llamada tamal de cazuela. Se prefiere el atole para acompa\u00f1arlos, pero esta modalidad cambia de acuerdo con las costumbres de cada zona.<\/em><br \/>\n<em> Se envuelven en hojas de totomoztle o mazorca o tambi\u00e9n en hojas verdes de milpa, de pl\u00e1tano y de aguacate. <\/em><span style=\"line-height: 150%; font-family: 'Arial','sans-serif'; font-size: 12pt;\"><span style=\"color: #000000;\">[3]<\/span><\/span><\/p>\n<p style=\"text-align: justify;\">Quiero resalta que los uchepos, tamales p\u2019urh\u00e9pechas, forman parte del patrimonio cultural tangible e intangible de los michoacanos, es un elemento identitario de esa bella provincia mexicana.<\/p>\n<p style=\"text-align: justify;\"><em>Gloria L\u00f3pez Gonz\u00e1lez, presidenta del Conservatorio de la Cultura Gastron\u00f3mica Mexicana, manifest\u00f3 que la cocina tradicional es un proceso cultural pero tambi\u00e9n social y no hay nada m\u00e1s noble en un pa\u00eds que su patrimonio cultural, que es lo que nos permitir\u00e1 salir adelante de los momentos m\u00e1s dif\u00edciles. <\/em><span style=\"line-height: 150%; font-family: 'Arial','sans-serif'; font-size: 12pt;\"><span style=\"color: #000000;\">[4]<\/span><\/span><\/p>\n<div id=\"attachment_7675\" style=\"width: 610px\" class=\"wp-caption aligncenter\"><img aria-describedby=\"caption-attachment-7675\" decoding=\"async\" loading=\"lazy\" class=\"size-full wp-image-7675\" src=\"http:\/\/www.historiacocina.com\/es\/wp-content\/uploads\/2015\/04\/uchepos01.jpg\" alt=\"Santa Fe de la Laguna, Plaza con estatua de Vasco de Quiroga. (Foto de la autora de este escrito)\" width=\"600\" height=\"333\" srcset=\"https:\/\/www.historiacocina.com\/es\/wp-content\/uploads\/2015\/04\/uchepos01.jpg 600w, https:\/\/www.historiacocina.com\/es\/wp-content\/uploads\/2015\/04\/uchepos01-300x167.jpg 300w, https:\/\/www.historiacocina.com\/es\/wp-content\/uploads\/2015\/04\/uchepos01-500x278.jpg 500w\" sizes=\"(max-width: 600px) 100vw, 600px\" \/><p id=\"caption-attachment-7675\" class=\"wp-caption-text\">Santa Fe de la Laguna, Plaza con estatua de Vasco de Quiroga. (Foto de la autora de este escrito)<\/p><\/div>\n<p style=\"text-align: justify;\">Mar\u00eda In\u00e9s Dimas Carlos, cocinera de Santa Fe de la Laguna, sostiene que \u201clas cocineras pur\u00e9pechas compartimos recetas con la gente para compartir tambi\u00e9n nuestra cultura\u201d. <span style=\"line-height: 150%; font-family: 'Arial','sans-serif'; font-size: 12pt;\"><span style=\"color: #000000;\">[5]<\/span><\/span>\u00a0Las veces que he visitado Michoac\u00e1n en su zona lacustre he podido saborear los uchepos y comprobar, con mis observaciones, que s\u00ed se trata de elote tierno el que se emplea cuando son preparados, lo que le da su peculiaridad a este platillo que forma parte de la cultura gastron\u00f3mica del pueblo ind\u00edgena p\u2019urh\u00e9pecha.<\/p>\n<p style=\"text-align: justify;\"><em>Para el futuro son preocupaciones clave la sustentabilidad de la producci\u00f3n agr\u00edcola intensiva en energ\u00eda y sustancias qu\u00edmicas, y su capacidad de adaptarse a cambios clim\u00e1ticos y a la creciente demanda de alimentos de las poblaciones humanas que van en aumento.<\/em> [\u2026] <em>No obstante, el reto de alimentar a toda la gente de la tierra en el siglo XXI tiene que enfrentarse haciendo mayor hincapi\u00e9 en la contribuci\u00f3n potencial del conocimiento ind\u00edgena y femenino <\/em><span style=\"line-height: 150%; font-family: 'Arial','sans-serif'; font-size: 12pt;\"><span style=\"color: #000000;\">[6]<\/span><\/span><\/p>\n<div id=\"attachment_7676\" style=\"width: 610px\" class=\"wp-caption aligncenter\"><a href=\"http:\/\/www.historiacocina.com\/es\/wp-content\/uploads\/2015\/04\/Uchepos.jpg\"><img aria-describedby=\"caption-attachment-7676\" decoding=\"async\" loading=\"lazy\" class=\"wp-image-7676 size-full\" src=\"http:\/\/www.historiacocina.com\/es\/wp-content\/uploads\/2015\/04\/Uchepos02.jpg\" alt=\"Uchepos02\" width=\"600\" height=\"200\" srcset=\"https:\/\/www.historiacocina.com\/es\/wp-content\/uploads\/2015\/04\/Uchepos02.jpg 600w, https:\/\/www.historiacocina.com\/es\/wp-content\/uploads\/2015\/04\/Uchepos02-300x100.jpg 300w, https:\/\/www.historiacocina.com\/es\/wp-content\/uploads\/2015\/04\/Uchepos02-500x167.jpg 500w\" sizes=\"(max-width: 600px) 100vw, 600px\" \/><\/a><p id=\"caption-attachment-7676\" class=\"wp-caption-text\">Elaboraci\u00f3n de uchepos [7]<\/p><\/div>\n<div id=\"attachment_7677\" style=\"width: 610px\" class=\"wp-caption aligncenter\"><a href=\"http:\/\/www.historiacocina.com\/es\/wp-content\/uploads\/2015\/04\/Uchepos-2.jpg\"><img aria-describedby=\"caption-attachment-7677\" decoding=\"async\" loading=\"lazy\" class=\"wp-image-7677 size-full\" src=\"http:\/\/www.historiacocina.com\/es\/wp-content\/uploads\/2015\/04\/Uchepos03.jpg\" alt=\"Uchepos03\" width=\"600\" height=\"450\" srcset=\"https:\/\/www.historiacocina.com\/es\/wp-content\/uploads\/2015\/04\/Uchepos03.jpg 600w, https:\/\/www.historiacocina.com\/es\/wp-content\/uploads\/2015\/04\/Uchepos03-300x225.jpg 300w, https:\/\/www.historiacocina.com\/es\/wp-content\/uploads\/2015\/04\/Uchepos03-400x300.jpg 400w\" sizes=\"(max-width: 600px) 100vw, 600px\" \/><\/a><p id=\"caption-attachment-7677\" class=\"wp-caption-text\">Uchepos ba\u00f1ados con crema y queso acompa\u00f1ados con frijoles bayos y totopo de ma\u00edz. (Foto de la autora de este escrito)<\/p><\/div>\n<p style=\"text-align: justify;\">Eusebio D\u00e1valos Hurtado, en su obra Alimentos b\u00e1sicos e inventiva culinaria del mexicano, comenta \u201cque en M\u00e9xico existen no menos de setecientas formas de comer el ma\u00edz\u201d. <span style=\"line-height: 150%; font-family: 'Arial','sans-serif'; font-size: 12pt;\"><span style=\"color: #000000;\">[8]<\/span><\/span> Para mi familia y para m\u00ed es una suerte que entre esta multitud de variedades se cocinen los uchepos con un ma\u00edz criollo tan tierno en un lugar bello como Santa Fe de la Laguna. Las personas que lean este art\u00edculo, cuando anden por esa poblaci\u00f3n, de veras que no dejen de disfrutarlos.<\/p>\n<hr \/>\n<p>[1] <a href=\"http:\/\/www.purepecha.mx\/threads\/4182-Historia-Prehispanica-De-Santa-Fe-De-La-Laguna\" target=\"_blank\"><span style=\"text-decoration: underline;\">http:\/\/www.purepecha.mx\/threads\/4182-Historia-Prehispanica-De-Santa-Fe-De-La-Laguna<\/span><\/a> (Consultado el 21 de abril de 2015).<\/p>\n<p>V\u00e9ase en esta revista mi art\u00edculo \u201c<a href=\"https:\/\/www.historiacocina.com\/es\/tzintzuntzan-y-santa-fe-de-la-laguna-michoacan\" target=\"_blank\">Gastronom\u00eda de Tzintzuntzan y Santa Fe de la Laguna, Michoac\u00e1n<\/a>\u201d.<\/p>\n<p>[2] Jos\u00e9 N. Iturriaga, <em>Las cocinas de M\u00e9xico II<\/em>, M\u00e9xico, FCE, 1998, pp. 30-31.<\/p>\n<p>[3] Mar\u00eda Esther Echeverr\u00eda y Luz Elena Arroyo, <em>Recetario del ma\u00edz<\/em>, Colecci\u00f3n Cocina Ind\u00edgena y Popular, M\u00e9xico, CONACULTA, 2012, p. 279.<\/p>\n<p>[4] <a href=\"http:\/\/www.quadratin.com.mx\/sucesos\/Encuentro-de-cocineras-fortalece-identidad-de-Michoacan-Jara\/\" target=\"_blank\"><span style=\"text-decoration: underline;\">http:\/\/www.quadratin.com.mx\/sucesos\/Encuentro-de-cocineras-fortalece-identidad-de-Michoacan-Jara\/<\/span><\/a> (Consultado el 21 de abril de 2015).<\/p>\n<p>[5] <em>\u00cddem<\/em>.<\/p>\n<p>[6] Ellen Messer, \u201cAlimentos, producci\u00f3n de\u201d, en Thomas Barfield, editor, <em>Diccionario de Antropolog\u00eda<\/em>, M\u00e9xico, Siglo XXI Editores, 2000, p. 14.<\/p>\n<p>[7] Im\u00e1genes tomadas de: <a href=\"http:\/\/www.tripadvisor.com.mx\/LocationPhotoDirectLink-g4604606-i79216942-Santa_Fe_de_la_Laguna_Central_Mexico_and_Gulf_Coast.html#last\" target=\"_blank\"><span style=\"text-decoration: underline;\">http:\/\/www.tripadvisor.com.mx\/LocationPhotoDirectLink-g4604606-i79216942-Santa_Fe_de_la_Laguna_Central_Mexico_and_Gulf_Coast.html#last<\/span><\/a> (Consultado el 18 de abril de 2015).<\/p>\n<p><a href=\"http:\/\/mexicocooks.typepad.com\/.a\/6a00d8341c571453ef01156f7c6eb1970b-800wi\" target=\"_blank\"><span style=\"text-decoration: underline;\">http:\/\/mexicocooks.typepad.com\/.a\/6a00d8341c571453ef01156f7c6eb1970b-800wi<\/span><\/a> (Consultado el 20 de abril de 2015).<\/p>\n<p>[8] Citado por Mar\u00eda Esther Echeverr\u00eda y Luz Elena Arroyo, <em>Recetario del ma\u00edz<\/em>, Colecci\u00f3n Cocina Ind\u00edgena y Popular, M\u00e9xico, CONACULTA, 2012, p. 16.<br \/>\n<script type=\"mce-text\/javascript\">\/\/ <![CDATA[\nvar _gaq = _gaq || [];   _gaq.push(['_setAccount', 'UA-31227422-1']);   _gaq.push(['_trackPageview']);   (function() {     var ga = document.createElement('script'); ga.type = 'text\/javascript'; ga.async = true;     ga.src = ('https:' == document.location.protocol ? 'https:\/\/ssl' : 'http:\/\/www') + '.google-analytics.com\/ga.js';     var s = document.getElementsByTagName('script')[0]; s.parentNode.insertBefore(ga, s);   })();\n\/\/ ]]><\/script><\/p>\n","protected":false},"excerpt":{"rendered":"<p>Santa Fe de la Laguna es un poblado p\u2019urh\u00e9pecha michoacano muy particular, est\u00e1 al lado del Lago de P\u00e1tzcuaro, fue fundado como pueblo hospital por Vasco de Quiroga, Tata Vasco como todav\u00eda es recordado, el 14 de septiembre de 1533 &hellip; <a href=\"https:\/\/www.historiacocina.com\/es\/los-uchepos\">Sigue leyendo <span class=\"meta-nav\">&rarr;<\/span><\/a><\/p>\n","protected":false},"author":4,"featured_media":0,"comment_status":"open","ping_status":"open","sticky":false,"template":"","format":"standard","meta":{"_mi_skip_tracking":false,"_exactmetrics_sitenote_active":false,"_exactmetrics_sitenote_note":"","_exactmetrics_sitenote_category":0},"categories":[71,27,93],"tags":[764,611],"aioseo_notices":[],"jetpack_featured_media_url":"","_links":{"self":[{"href":"https:\/\/www.historiacocina.com\/es\/wp-json\/wp\/v2\/posts\/7651"}],"collection":[{"href":"https:\/\/www.historiacocina.com\/es\/wp-json\/wp\/v2\/posts"}],"about":[{"href":"https:\/\/www.historiacocina.com\/es\/wp-json\/wp\/v2\/types\/post"}],"author":[{"embeddable":true,"href":"https:\/\/www.historiacocina.com\/es\/wp-json\/wp\/v2\/users\/4"}],"replies":[{"embeddable":true,"href":"https:\/\/www.historiacocina.com\/es\/wp-json\/wp\/v2\/comments?post=7651"}],"version-history":[{"count":21,"href":"https:\/\/www.historiacocina.com\/es\/wp-json\/wp\/v2\/posts\/7651\/revisions"}],"predecessor-version":[{"id":7679,"href":"https:\/\/www.historiacocina.com\/es\/wp-json\/wp\/v2\/posts\/7651\/revisions\/7679"}],"wp:attachment":[{"href":"https:\/\/www.historiacocina.com\/es\/wp-json\/wp\/v2\/media?parent=7651"}],"wp:term":[{"taxonomy":"category","embeddable":true,"href":"https:\/\/www.historiacocina.com\/es\/wp-json\/wp\/v2\/categories?post=7651"},{"taxonomy":"post_tag","embeddable":true,"href":"https:\/\/www.historiacocina.com\/es\/wp-json\/wp\/v2\/tags?post=7651"}],"curies":[{"name":"wp","href":"https:\/\/api.w.org\/{rel}","templated":true}]}}