{"id":7744,"date":"2015-06-24T18:18:17","date_gmt":"2015-06-24T16:18:17","guid":{"rendered":"http:\/\/www.historiacocina.com\/es\/?p=7744"},"modified":"2015-06-24T18:18:17","modified_gmt":"2015-06-24T16:18:17","slug":"en-el-nombre-del-platano-1","status":"publish","type":"post","link":"https:\/\/www.historiacocina.com\/es\/en-el-nombre-del-platano-1","title":{"rendered":"En el nombre del <i>pl\u00e1tano<\/i>, (1)"},"content":{"rendered":"<p><a href=\"http:\/\/www.historiacocina.com\/es\/wp-content\/uploads\/2015\/04\/ainart.jpg\"><img decoding=\"async\" loading=\"lazy\" class=\"alignleft size-full wp-image-7647\" src=\"http:\/\/www.historiacocina.com\/es\/wp-content\/uploads\/2015\/04\/ainart.jpg\" alt=\"ainart\" width=\"100\" height=\"120\" \/><\/a>En general, <strong>acostumbramos a fiarnos del diccionario<\/strong>.<\/p>\n<p>Tambi\u00e9n tendemos a pensar que los <strong>significados de las palabras<\/strong> que contiene han permanecido <strong>m\u00e1s o menos intactos<\/strong> desde el albor de los tiempos hasta nuestros d\u00edas.<\/p>\n<p>Y la tercera cuesti\u00f3n, de gran importancia al hablar del mundo natural, es que solemos tener la impresi\u00f3n de que los <strong>nombres comunes<\/strong> que empleamos para referirnos a los vegetales (por poner un ejemplo) <strong>reflejan una realidad biol\u00f3gica<\/strong>.<\/p>\n<p>Os\u00e9ase: que existe algo en el mundo vegetal que se corresponde exactamente con lo que llamamos <em>rosa<\/em>, o <em>acelga<\/em>, o <em>menta<\/em>.<\/p>\n<p>Pues bien.<\/p>\n<p>Siento aguaros la fiesta, pero <strong>tendr\u00e9 que echar por los suelos estas tres ideas<\/strong>, que a menudo tenemos bien enraizadas en nuestro interior \u2014\u00a1aun sin haberlas nunca pensado!\u2014, y que tanta seguridad suelen darnos.<\/p>\n<p>Porque, al menos <strong>en lo que a los vegetales se refiere, no funcionan<\/strong>.<\/p>\n<p><strong>1 | El diccionario se equivoca<\/strong>. No lo hace a prop\u00f3sito, pobre; creo que se debe, sencillamente, a que los que redactan las definiciones referidas a entidades naturales no son cient\u00edfic*s\u2026 y claro, si ya entre profesionales se arman unos l\u00edos fenomenales, para los no expertos el cacao ling\u00fc\u00edstico puede ser a\u00fan peor.<\/p>\n<p><strong>2 |<\/strong> <strong>El diccionario<\/strong>, y la relaci\u00f3n entre significantes (palabras) y sus correspondientes significados, <strong>evoluciona en el tiempo y en el espacio<\/strong>. Que una palabra usada actualmente aparezca en una obra del s. II aC, no quiere decir autom\u00e1ticamente que su sentido entonces, coincida con el que hoy posee; puede ser, sencillamente, que tuviese un significado distinto que luego perdi\u00f3.<\/p>\n<p><strong>3 |<\/strong> Las <strong>lenguas no est\u00e1n \u2018hechas\u2019 para ser precisas a nivel bot\u00e1nico<\/strong> (ni zool\u00f3gico, ni l\u00f3gico, ni n\u00e1 de n\u00e1).<\/p>\n<p>Y dejadme que lo ilustre tomando un <strong>ejemplo curioso, que es el del <em>pl\u00e1tano<\/em><\/strong>.<\/p>\n<p style=\"text-align: center;\">\u00a0*<!--more--><\/p>\n<p>Primero, <strong>empecemos por el diccionario<\/strong>.<\/p>\n<p>Voy al de la Real Academia Espa\u00f1ola (en l\u00ednea), y si busco la voz &lt;<a href=\"http:\/\/lema.rae.es\/drae\/?val=pl%C3%A1tano\" target=\"_blank\">pl\u00e1tano<\/a>&gt;, me sale:<\/p>\n<blockquote>\n<ol>\n<li><span style=\"color: #808080;\">m. \u00c1rbol de la familia de las Platan\u00e1ceas (\u2026)<\/span><\/li>\n<li><span style=\"color: #808080;\">m. Planta herb\u00e1cea de grandes dimensiones, que (\u2026) [p]ertenece a la familia de las Mus\u00e1ceas (\u2026)<\/span><\/li>\n<li><span style=\"color: #808080;\">m. Fruto comestible de esta planta (\u2026)<\/span><\/li>\n<\/ol>\n<\/blockquote>\n<p>Hasta aqu\u00ed, bien. No tengo grandes quejas (aunque <a href=\"https:\/\/imaginandovegetales.wordpress.com\/2014\/12\/02\/del-agaloco-1\/\" target=\"_blank\">s\u00ed hay casos un poco desastrosos<\/a>\u2026).<\/p>\n<p>Pero vayamos a ver lo que pasa cuando seguimos leyendo:<\/p>\n<blockquote><p><strong>pl\u00e1tano grande<\/strong>.<\/p>\n<p><strong>1.<\/strong> m. Fruto comestible de una planta mus\u00e1cea de origen indo-malayo, llamada higuera de Ad\u00e1n, muy cultivada hoy en \u00c1frica tropical. Es mucho m\u00e1s grande, encorvado y verde al exterior.<\/p>\n<p><strong>pl\u00e1tano guineo<\/strong>.<\/p>\n<p><strong>1.<\/strong> m. Fruto de otra mus\u00e1cea del mismo g\u00e9nero que el anterior, procedente de una especie originaria de la India y muy cultivada en Am\u00e9rica Central y las Antillas.<\/p><\/blockquote>\n<p>Yyyy no. <strong>Ya nos estamos armando un l\u00edo<\/strong>.<\/p>\n<p>Que conste que no los culpo en absoluto, dado que todo el mundo se arma un l\u00edo en asuntos banan\u00edsticos<span style=\"color: #999999;\"> (quiz\u00e1s un d\u00eda ya no nos meteremos en berenjenales, sino en platanales)<\/span>. De hecho, no voy a ser yo la que lo aclare en dos l\u00edneas aqu\u00ed y ahora\u2026 pero qued\u00e9monos con una distinci\u00f3n importante que nos da el diccionario:<\/p>\n<p style=\"font-size: 1.2em; text-align: center;\">la palabra pl\u00e1tano designa, hoy por hoy, a dos \u00e1rboles distintos.<\/p>\n<p>Y no \u201cun poquito\u201d distintos, sino <strong>muy distintos<\/strong>.<\/p>\n<p>Como que sus respectivas ramas evolutivas han seguido caminos divergentes desde tiempos de dinosaurios.<\/p>\n<p style=\"padding-left: 30px;\"><strong>a |<\/strong> El <strong>g\u00e9nero<\/strong> <strong><em>Platanus<\/em><\/strong> es el \u00fanico de su familia (Platan\u00e1ceas), y est\u00e1 distribuido tanto por Eurasia como por Am\u00e9rica (del norte, M\u00e9xico). Las especies m\u00e1s conocidas en Europa son dos: <em>P. orientalis<\/em> (nativo en la pen\u00ednsula Balc\u00e1nica y el Himalaya), y <em>P. occidentalis<\/em> , en la franja oriental de Norteam\u00e9rica.<\/p>\n<p style=\"text-align: center;\"><a href=\"https:\/\/imaginandovegetales.files.wordpress.com\/2015\/06\/platanus-orientalis-jredouteduhamelvol2.jpg\"><img decoding=\"async\" loading=\"lazy\" class=\"alignnone wp-image-727\" src=\"https:\/\/imaginandovegetales.files.wordpress.com\/2015\/06\/platanus-orientalis-jredouteduhamelvol2.jpg\" alt=\"platanus-orientalis-JRedouteDuhamelvol2\" width=\"400\" height=\"500\" \/><\/a><\/p>\n<p style=\"padding-left: 30px;\"><strong>b |<\/strong> El <strong>g\u00e9nero <em>Musa<\/em><\/strong>, al que pertenecen los pl\u00e1tanos comestibles, es originario del sudeste asi\u00e1tico, con las especies principales (<em>M. acuminata<\/em>, <em>M. balbisiana<\/em>) presentes en Indonesia-Nueva Guinea, Filipinas, Indochina, India, y regiones circundantes.<\/p>\n<p style=\"text-align: center;\"><a href=\"https:\/\/imaginandovegetales.files.wordpress.com\/2015\/06\/banana-hortusmalabaricus.jpeg\"><img decoding=\"async\" loading=\"lazy\" class=\"alignnone wp-image-728\" src=\"https:\/\/imaginandovegetales.files.wordpress.com\/2015\/06\/banana-hortusmalabaricus.jpeg\" alt=\"banana-hortusmalabaricus\" width=\"334\" height=\"501\" \/><\/a><\/p>\n<p>Por otra parte, el diccionario nos dice que <strong>la palabra &lt;pl\u00e1tano&gt; proviene<\/strong> \u201cDel lat. plat\u0103nus, y este del gr. \u03c0\u03bb\u03ac\u03c4\u03b1\u03bd\u03bf\u03c2\u201d. La ra\u00edz griega \u03c0\u03bb\u03b1\u03c4\u03c5\u0301\u03c2 vendr\u00eda a significar \u2018<em>muy abierto, plano, ancho, esparcido<\/em>\u2019, y <strong>har\u00eda referencia a sus hojas, planas<\/strong> <span style=\"color: #999999;\">(\u2026 como, ehm, \u00bfcasi todas las hojas? Pero bueno, se entiende que los griegos, habituados generalmente a \u00e1rboles de hoja mucho m\u00e1s escler\u00f3fila y peque\u00f1a, adaptada a condiciones mediterr\u00e1neas, admirasen las grandes hojas del pl\u00e1tano de sombra)<\/span>.<\/p>\n<p>Ahora.<\/p>\n<p>Si tenemos <strong>dos tipos de \u00abpl\u00e1tano\u00bb<\/strong> que pudieron estar en contacto con los sapient\u00edsimos griegos y latinos, uno en Eurasia, y otro en el \u00cdndico\u2026 \u00bf<strong>cu\u00e1l de los dos es m\u00e1s probable<\/strong> que fuese el conocido por los antiguos?<\/p>\n<p>Los que digan que el primero, habr\u00e1n acertado. <strong>Pl\u00e1tano (<em>platanus<\/em>) es como llamaban los antiguos al <em>P. orientalis<\/em><\/strong>, teni\u00e9ndolo en gran estima por la sombra hermosa y fresca que da. No era un \u00e1rbol aut\u00f3ctono, pero una vez introducido \u201c<em>se convirti\u00f3 en el \u00e1rbol preferido para poblar los paseos p\u00fablicos y los jardines<\/em>\u201d, hasta el punto que los romanos lo consideraban \u201c<em>el s\u00edmbolo mismo de una finca de recreo<\/em>\u201d.<\/p>\n<p>Cuando Plat\u00f3n nos cuenta que <strong>S\u00f3crates conversaba a la sombra de los <em>platanus<\/em><\/strong>, o leemos sobre pl\u00e1tanos plantados en el Liceo de Arist\u00f3teles y en el \u00c1gora ateniense, dejemos de imaginarnos las frondas de bananeros meci\u00e9ndose al viento: est\u00e1 clar\u00edsimo que eran <em>Platanus<\/em> sp, pl\u00e1tanos de sombra.<\/p>\n<p>As\u00ed pues, <strong>se ha producido una deriva-ampliaci\u00f3n sem\u00e1ntica<\/strong>, que puede inducir a error si no se toma en consideraci\u00f3n.<\/p>\n<p>Pero vayamos al grano platan\u00edstico de la historia.<\/p>\n<p>A saber:<\/p>\n<p style=\"font-size: 1.2em; text-align: center;\"><strong>\u00bfc\u00f3mo diantres llegamos a la segunda definici\u00f3n de pl\u00e1tano del diccionario?<\/strong><\/p>\n<p>Misterio.<\/p>\n<p>No, de verdad.<\/p>\n<p>Fij\u00e9monos en el <strong>mapa ling\u00fc\u00edstico de nuestro vecindario<\/strong>, y observaremos una cosa curiosa:<\/p>\n<p><a href=\"http:\/\/www.historiacocina.com\/es\/wp-content\/uploads\/2015\/06\/Mapa-linguistico-Musa-smaller.jpg\"><img decoding=\"async\" loading=\"lazy\" class=\"alignnone size-full wp-image-7729\" src=\"http:\/\/www.historiacocina.com\/es\/wp-content\/uploads\/2015\/06\/Mapa-linguistico-Musa-smaller.jpg\" alt=\"Mapa-linguistico-Musa-smaller\" width=\"977\" height=\"676\" srcset=\"https:\/\/www.historiacocina.com\/es\/wp-content\/uploads\/2015\/06\/Mapa-linguistico-Musa-smaller.jpg 977w, https:\/\/www.historiacocina.com\/es\/wp-content\/uploads\/2015\/06\/Mapa-linguistico-Musa-smaller-300x208.jpg 300w, https:\/\/www.historiacocina.com\/es\/wp-content\/uploads\/2015\/06\/Mapa-linguistico-Musa-smaller-434x300.jpg 434w\" sizes=\"(max-width: 977px) 100vw, 977px\" \/><\/a><\/p>\n<p>\u00bfLo hab\u00e9is notado?<\/p>\n<p><strong>Somos los \u00fanicos<\/strong>, pero que los \u00fanicos (bueno, castellano, catal\u00e1n, y euskera) <strong>que han llegado a este punto 2. del diccionario bajo la voz &lt;pl\u00e1tano&gt;<\/strong>. En las dem\u00e1s lenguas que nos rodean, se diferencian claramente las palabras para referirnos a los unos y los otros:<\/p>\n<ul>\n<li><em>Ingl\u00e9s<\/em>: banana\/plane tree<\/li>\n<li><em>Italiano<\/em>: banana\/platano<\/li>\n<li><em>Franc\u00e9s<\/em>: banane\/platane<\/li>\n<li><em>Alem\u00e1n<\/em>: banane \/ Platane<\/li>\n<li><em>Portugu\u00e9s<\/em>: banana\/ pl\u00e1tano<\/li>\n<\/ul>\n<p style=\"text-align: center;\">Somos los \u00fanicos que lograron la proeza de bot\u00e1nica ling\u00fc\u00edstica coloquial de <strong>confundir en un mismo vocablo a estos dos caballeros del reino vegetal<\/strong>:<\/p>\n<p style=\"text-align: center;\"><a href=\"http:\/\/www.historiacocina.com\/es\/wp-content\/uploads\/2015\/06\/planatus-vs-musa-tree.jpg\"><img decoding=\"async\" loading=\"lazy\" class=\"alignnone size-full wp-image-7754\" src=\"http:\/\/www.historiacocina.com\/es\/wp-content\/uploads\/2015\/06\/planatus-vs-musa-tree.jpg\" alt=\"planatus-vs-musa-tree\" width=\"1348\" height=\"672\" srcset=\"https:\/\/www.historiacocina.com\/es\/wp-content\/uploads\/2015\/06\/planatus-vs-musa-tree.jpg 1348w, https:\/\/www.historiacocina.com\/es\/wp-content\/uploads\/2015\/06\/planatus-vs-musa-tree-300x150.jpg 300w, https:\/\/www.historiacocina.com\/es\/wp-content\/uploads\/2015\/06\/planatus-vs-musa-tree-1024x510.jpg 1024w, https:\/\/www.historiacocina.com\/es\/wp-content\/uploads\/2015\/06\/planatus-vs-musa-tree-500x249.jpg 500w\" sizes=\"(max-width: 1348px) 100vw, 1348px\" \/><\/a><\/p>\n<p>\u00bfT\u00fa te lo explicas?<\/p>\n<p>Yo, no.<\/p>\n<p>Me s\u00e9 la \u201cversi\u00f3n oficial\u201d, las <strong>hip\u00f3tesis que intentan explicar este misterio<\/strong>, claro que s\u00ed. Pero, qu\u00e9 quieres que te diga\u2026 sigue pareci\u00e9ndome sorprendente.<\/p>\n<p>Porque lo m\u00e1s convincente que se les ha ocurrido es que el pl\u00e1tano de sombra da, pues eso, <em>sombra<\/em>, y que como tambi\u00e9n <em>Musa<\/em> tiene hojas grandes, planas, y hermosas, le habr\u00edan dado el mismo nombre que el de su lejan\u00edsimo pariente.<\/p>\n<p>Siempre pienso que cualquiera que razone as\u00ed tiene que salir al campo y ver un <em>Platanus<\/em>, luego una <em>Musa<\/em>; a parte de ser verdes, no s\u00e9 qu\u00e9 m\u00e1s tienen en com\u00fan sus hojas:<\/p>\n<p style=\"text-align: center;\"><a href=\"http:\/\/www.historiacocina.com\/es\/wp-content\/uploads\/2015\/06\/platanus-vs-musa.jpeg\"><img decoding=\"async\" loading=\"lazy\" class=\"alignnone size-full wp-image-7719\" src=\"http:\/\/www.historiacocina.com\/es\/wp-content\/uploads\/2015\/06\/platanus-vs-musa.jpeg\" alt=\"platanus-vs-musa\" width=\"1078\" height=\"540\" srcset=\"https:\/\/www.historiacocina.com\/es\/wp-content\/uploads\/2015\/06\/platanus-vs-musa.jpeg 1078w, https:\/\/www.historiacocina.com\/es\/wp-content\/uploads\/2015\/06\/platanus-vs-musa-300x150.jpeg 300w, https:\/\/www.historiacocina.com\/es\/wp-content\/uploads\/2015\/06\/platanus-vs-musa-1024x513.jpeg 1024w, https:\/\/www.historiacocina.com\/es\/wp-content\/uploads\/2015\/06\/platanus-vs-musa-500x250.jpeg 500w\" sizes=\"(max-width: 1078px) 100vw, 1078px\" \/><\/a><\/p>\n<p>Y es que <strong>ni siquiera la persona que primero<\/strong> dio testimonio de esta extra\u00f1a <strong>confusi\u00f3n<\/strong>, <em><strong>Gonzalo Fern\u00e1ndez de Oviedo<\/strong><\/em> (1478-1557), les ve ning\u00fan parecido\u2026<\/p>\n<blockquote><p>\u201c(\u2026) De todas estas propiedades y partes que el plinio escrive[sic] del pl\u00e1tano secolije(?) que estos que aca se llaman platanos no lo son: ni de aquellos que Plinio escrive ninguna manera de fruta ni utilidad se comprehende sino sombra, y estos otros que ac\u00e1 tenemos llevan la fruta que he dicho, y sombra no la puede dar uno solo buena, sino muchos y espessos[sic].\u201d<\/p><\/blockquote>\n<p>Cu\u00e1nta raz\u00f3n tiene. Lo digo como alguien que se ha puesto debajo de pl\u00e1tanos-bananeros, y debajo de pl\u00e1tanos de sombra\u2026 nada, no hay color. Y Fern\u00e1ndez de Oviedo nos explica por qu\u00e9:<\/p>\n<blockquote><p>\u201cPorque no tienen ramas, sino solamente aquellas hojas y rotas las mas: ni tampoco pueden defender a nadie del sol ni del agua enteramente. Antes parece que llueve mas debajo dellos: porque las mismas hojas hazen[sic] innumerables goteras: porque pocas estan del todo enteras sino rompidas[sic] en muchas partes (\u2026)\u201d<\/p><\/blockquote>\n<p style=\"text-align: right;\"><em>La historia general de las Indias, 1535<\/em><\/p>\n<p>Dedica a nuestros frutos mus\u00e1ceos buenas cuatro p\u00e1ginas (de su libro octavo), y en ellas <strong>no menciona ni una sola raz\u00f3n por la que se justifique esta confusi\u00f3n de nomenclatura<\/strong>. Ni una. Todo son motivos para reiterar que llamarlos <em>pl\u00e1tanos<\/em> es incorrecto, porque no lo son.<\/p>\n<p><span style=\"color: #999999;\">(A este se\u00f1or de vida ajetreada, tras haber crecido en ambientes cortesanos viaj\u00f3 a las Indias repetidas veces, ocupando cargos de responsabilidad a lo largo de los siguientes 20 a\u00f1os, y con oportunidad de ver Am\u00e9rica central, la Hispaniola, y Colombia. Ello no habr\u00eda tenido mayor trascendencia para nosotros, ni para la historia de los pl\u00e1tanos, si no hubiese sido un aficionado a la historia natural. Al redactar su <em>Historia general de las Indias<\/em> (versi\u00f3n \u201cabreviada\u201d en plan sumario, en 1525; la versi\u00f3n extendida, en 1535), incluy\u00f3 la que se considera la primera menci\u00f3n de <em>Musa<\/em>-llamada-pl\u00e1tano).<\/span><\/p>\n<p><a href=\"http:\/\/www.historiacocina.com\/es\/wp-content\/uploads\/2015\/06\/oviedo-cover.png\"><img decoding=\"async\" loading=\"lazy\" class=\" wp-image-7755 aligncenter\" src=\"http:\/\/www.historiacocina.com\/es\/wp-content\/uploads\/2015\/06\/oviedo-cover.png\" alt=\"oviedo-cover\" width=\"412\" height=\"600\" srcset=\"https:\/\/www.historiacocina.com\/es\/wp-content\/uploads\/2015\/06\/oviedo-cover.png 734w, https:\/\/www.historiacocina.com\/es\/wp-content\/uploads\/2015\/06\/oviedo-cover-206x300.png 206w, https:\/\/www.historiacocina.com\/es\/wp-content\/uploads\/2015\/06\/oviedo-cover-702x1024.png 702w\" sizes=\"(max-width: 412px) 100vw, 412px\" \/><\/a><\/p>\n<p>Creo que ya <strong>podr\u00eda pararme aqu\u00ed<\/strong>, si mi prop\u00f3sito fuese \u00fanicamente aportar pruebas de que no podemos fiarnos a ciegas ni del diccionario actual, ni de su validez\/inmutabilidad en el tiempo, ni de su utilidad para hablar de vegetales.<\/p>\n<p>Y todos me lo agradecer\u00edais.<\/p>\n<p>Pero no voy a hacerlo (\u2026 \u00bfoigo gritos horrorizados de fondo?), porque este misterio platan\u00edstico me llama (o quiz\u00e1s me seduce, dada la fama afrodis\u00edaca de la fruta\u2026), y no puedo dejarlo ah\u00ed, tan a medias, sin intentar avanzar un poquito m\u00e1s.<\/p>\n<p>Vamos a ello&#8230; pero en otro art\u00edculo \ud83d\ude42<\/p>\n<p style=\"text-align: center;\"><a href=\"http:\/\/ainaserice.com\" target=\"_blank\"><img decoding=\"async\" loading=\"lazy\" class=\"alignnone wp-image-7742\" src=\"http:\/\/www.historiacocina.com\/es\/wp-content\/uploads\/2015\/06\/signed-beetle.jpg\" alt=\"signed-beetle\" width=\"300\" height=\"173\" srcset=\"https:\/\/www.historiacocina.com\/es\/wp-content\/uploads\/2015\/06\/signed-beetle.jpg 631w, https:\/\/www.historiacocina.com\/es\/wp-content\/uploads\/2015\/06\/signed-beetle-300x173.jpg 300w, https:\/\/www.historiacocina.com\/es\/wp-content\/uploads\/2015\/06\/signed-beetle-500x288.jpg 500w\" sizes=\"(max-width: 300px) 100vw, 300px\" \/><\/a><\/p>\n<h3>Referencias&amp;Bibliograf\u00eda<\/h3>\n<p>Del pl\u00e1tano <em>Platanus<\/em> sp, mis fuentes principales han sido:<\/p>\n<p>Para el \u00e1rea de distribuci\u00f3n nativa de <em>Platanus orientalis<\/em>, nada mejor que consultarlo en la <em>Flora Iberica<\/em>, a trav\u00e9s del portal <a href=\"http:\/\/anthos.es\" target=\"_blank\">Anthos.es<\/a> (un desastre de usabilidad, pero siempre de gran utilidad).<\/p>\n<p>Para las referencias a los pl\u00e1tanos en la antig\u00fcedad griega y romana, puede consultarse a Segura Mungu\u00eda, S. (Ed. Torres Ripa, J.). 2005. <em>Los Jardines en la Antig\u00fcedad<\/em>. Bilbao: Universidad de Deusto (alrededor de la p\u00e1gina 135&#8230; no cog\u00ed bien el apunte, ay).<\/p>\n<p>Explicaciones sobre hojas planas (\u2026 pff), en un art\u00edculo que por lo dem\u00e1s me parece muy interesante: Amor\u00f3s Fern\u00e1ndez, A. 2014. El griego en la nomenclatura cient\u00edfica de la bot\u00e1nica: el jard\u00edn del Malec\u00f3n, Murcia. <em>Thamyris<\/em>, n. s. 5 (2014) 3-30.<\/p>\n<p>El mapa ling\u00fc\u00edstico de Musa est\u00e1 sacado de la web <a title=\"European Word Translator: an interactive map\" href=\"http:\/\/ukdataexplorer.com\/european-translator\/\" target=\"_blank\">European Word Translator: an interactive map<\/a>.<\/p>\n<p>La obra de Fern\u00e1ndez de Oviedo y Vald\u00e9s puede <a href=\"https:\/\/books.google.es\/books?id=T_1OAAAAcAAJ&amp;dq=fern%C3%A1ndez+de+oviedo+pl%C3%A1tano&amp;hl=es&amp;source=gbs_navlinks_s\" target=\"_blank\">consultarse libremente v\u00eda Google Books<\/a>\u2026 aunque no s\u00e9 si lo recomiendo, porque las imprentas desconoc\u00edan lo del espacio en blanco (\u00bfhorror vacui libr\u00edstico?), y se hace cuesta arriba descifrarlo.<\/p>\n<h3>Ilustraciones<\/h3>\n<p>Las fotograf\u00edas, de una servidora; la ilustraci\u00f3n de <em>Platanus orientalis<\/em>, de Redout\u00e9 &lt;3 en la obra de\u00a0 Duhamel du Monceau, H.L., Trait\u00e9 des arbres et arbustes, Nouvelle \u00e9dition [Nouveau Duhamel], vol. 2: t. 1 (1804), v\u00eda <a href=\"http:\/\/plantillustrations.org\" target=\"_blank\">plantillustrations.org<\/a>.<\/p>\n<p>La ilustraci\u00f3n de <em>Musa<\/em> est\u00e1 sacada <a href=\"http:\/\/biodiversitylibrary.org\/bibliography\/707#\/summary\" target=\"_blank\">del <\/a><a href=\"http:\/\/biodiversitylibrary.org\/bibliography\/707#\/summary\" target=\"_blank\"><em>Hortus Malabaricus<\/em><\/a><a href=\"http:\/\/biodiversitylibrary.org\/bibliography\/707#\/summary\" target=\"_blank\"> de Van Reede<\/a>. Mis ilustraciones preferidas : D<\/p>\n","protected":false},"excerpt":{"rendered":"<p>En general, acostumbramos a fiarnos del diccionario. Tambi\u00e9n tendemos a pensar que los significados de las palabras que contiene han permanecido m\u00e1s o menos intactos desde el albor de los tiempos hasta nuestros d\u00edas. Y la tercera cuesti\u00f3n, de gran &hellip; <a href=\"https:\/\/www.historiacocina.com\/es\/en-el-nombre-del-platano-1\">Sigue leyendo <span class=\"meta-nav\">&rarr;<\/span><\/a><\/p>\n","protected":false},"author":14,"featured_media":0,"comment_status":"open","ping_status":"open","sticky":false,"template":"","format":"standard","meta":{"_mi_skip_tracking":false,"_exactmetrics_sitenote_active":false,"_exactmetrics_sitenote_note":"","_exactmetrics_sitenote_category":0},"categories":[3,4],"tags":[774,782,784,783,780,755,781],"aioseo_notices":[],"jetpack_featured_media_url":"","_links":{"self":[{"href":"https:\/\/www.historiacocina.com\/es\/wp-json\/wp\/v2\/posts\/7744"}],"collection":[{"href":"https:\/\/www.historiacocina.com\/es\/wp-json\/wp\/v2\/posts"}],"about":[{"href":"https:\/\/www.historiacocina.com\/es\/wp-json\/wp\/v2\/types\/post"}],"author":[{"embeddable":true,"href":"https:\/\/www.historiacocina.com\/es\/wp-json\/wp\/v2\/users\/14"}],"replies":[{"embeddable":true,"href":"https:\/\/www.historiacocina.com\/es\/wp-json\/wp\/v2\/comments?post=7744"}],"version-history":[{"count":7,"href":"https:\/\/www.historiacocina.com\/es\/wp-json\/wp\/v2\/posts\/7744\/revisions"}],"predecessor-version":[{"id":7839,"href":"https:\/\/www.historiacocina.com\/es\/wp-json\/wp\/v2\/posts\/7744\/revisions\/7839"}],"wp:attachment":[{"href":"https:\/\/www.historiacocina.com\/es\/wp-json\/wp\/v2\/media?parent=7744"}],"wp:term":[{"taxonomy":"category","embeddable":true,"href":"https:\/\/www.historiacocina.com\/es\/wp-json\/wp\/v2\/categories?post=7744"},{"taxonomy":"post_tag","embeddable":true,"href":"https:\/\/www.historiacocina.com\/es\/wp-json\/wp\/v2\/tags?post=7744"}],"curies":[{"name":"wp","href":"https:\/\/api.w.org\/{rel}","templated":true}]}}